{"id":1081,"date":"2022-03-01T20:48:14","date_gmt":"2022-03-01T19:48:14","guid":{"rendered":"https:\/\/pravysmalt.cz\/?p=1081"},"modified":"2022-04-21T14:47:24","modified_gmt":"2022-04-21T12:47:24","slug":"senechal-1923-2","status":"publish","type":"post","link":"https:\/\/www.pravysmalt.cz\/en\/senechal-1923-2\/","title":{"rendered":"Cyclecar Robert S\u00e9n\u00e9chal 1923"},"content":{"rendered":"<style>#kt-layout-id_594628-75 > .kt-row-column-wrap{align-content:start;}:where(#kt-layout-id_594628-75 > .kt-row-column-wrap) > .wp-block-kadence-column{justify-content:start;}#kt-layout-id_594628-75 > .kt-row-column-wrap{column-gap:var(--global-kb-gap-md, 2rem);row-gap:var(--global-kb-gap-md, 2rem);padding-top:var( --global-kb-row-default-top, 25px );padding-bottom:var( --global-kb-row-default-bottom, 25px );padding-top:var(--global-kb-spacing-sm, 1.5rem);padding-bottom:var(--global-kb-spacing-sm, 1.5rem);grid-template-columns:repeat(2, minmax(0, 1fr));}#kt-layout-id_594628-75 > .kt-row-layout-overlay{opacity:0.30;}@media all and (max-width: 1024px){#kt-layout-id_594628-75 > .kt-row-column-wrap{grid-template-columns:repeat(2, minmax(0, 1fr));}}@media all and (max-width: 767px){#kt-layout-id_594628-75 > .kt-row-column-wrap{grid-template-columns:minmax(0, 1fr);}}<\/style>\n<div class=\"wp-block-kadence-rowlayout alignnone\"><div id=\"kt-layout-id_594628-75\" class=\"kt-row-layout-inner kt-layout-id_594628-75\"><div class=\"kt-row-column-wrap kt-has-2-columns kt-gutter-default kt-v-gutter-default kt-row-valign-top kt-row-layout-equal kt-tab-layout-inherit kt-m-colapse-left-to-right kt-mobile-layout-row\"><style>.kadence-column_f76e32-61 > .kt-inside-inner-col{border-top-width:0px;border-right-width:0px;border-bottom-width:0px;border-left-width:0px;}.kadence-column_f76e32-61 > .kt-inside-inner-col,.kadence-column_f76e32-61 > .kt-inside-inner-col:before{border-top-left-radius:0px;border-top-right-radius:0px;border-bottom-right-radius:0px;border-bottom-left-radius:0px;}.kadence-column_f76e32-61 > .kt-inside-inner-col{column-gap:var(--global-kb-gap-sm, 1rem);}.kadence-column_f76e32-61 > .kt-inside-inner-col{flex-direction:column;}.kadence-column_f76e32-61 > .kt-inside-inner-col > .aligncenter{width:100%;}.kadence-column_f76e32-61 > .kt-inside-inner-col:before{opacity:0.3;}.kadence-column_f76e32-61{position:relative;}@media all and (max-width: 1024px){.kadence-column_f76e32-61 > .kt-inside-inner-col{flex-direction:column;justify-content:center;}}@media all and (max-width: 767px){.kadence-column_f76e32-61 > .kt-inside-inner-col{flex-direction:column;justify-content:center;}}<\/style>\n<div class=\"wp-block-kadence-column inner-column-1 kadence-column_f76e32-61\"><div class=\"kt-inside-inner-col\"><style>.wp-block-kadence-advancedgallery .kb-gallery-type-masonry.kb-gallery-id-_77b5d1-67{margin:-5px;}.kb-gallery-type-masonry.kb-gallery-id-_77b5d1-67 .kadence-blocks-gallery-item{padding:5px;}.kb-gallery-id-_77b5d1-67 .kadence-blocks-gallery-item .kb-gal-image-radius, .kb-gallery-id-_77b5d1-67 .kb-slide-item .kb-gal-image-radius img{border-radius:0px 0px 0px 0px;;}<\/style><div class=\"kb-gallery-wrap-id-_77b5d1-67 alignnone wp-block-kadence-advancedgallery\"><ul class=\"kb-gallery-ul kb-gallery-non-static kb-gallery-type-masonry kb-masonry-init kb-gallery-id-_77b5d1-67 kb-gallery-caption-style-bottom-hover kb-gallery-filter-none kb-gallery-magnific-init\" data-image-filter=\"none\" data-item-selector=\".kadence-blocks-gallery-item\" data-lightbox-caption=\"true\" data-columns-xxl=\"1\" data-columns-xl=\"1\" data-columns-md=\"1\" data-columns-sm=\"1\" data-columns-xs=\"1\" data-columns-ss=\"1\"><li class=\"kadence-blocks-gallery-item\"><div class=\"kadence-blocks-gallery-item-inner\"><figure class=\"kb-gallery-figure kb-gallery-item-has-link kadence-blocks-gallery-item-hide-caption\"><a href=\"https:\/\/pravysmalt.cz\/wp-content\/uploads\/2022\/03\/senechal-plaketa01-e1646163727480.jpg\" data-description=\"Prav\u00fd smalt \u2022 Genuine Enamel \u2013 Senechal plaketa\" data-alt=\"Prav\u00fd smalt \u2022 Genuine Enamel \u2013 Senechal plaketa\" class=\"kb-gallery-item-link\"   role=\"button\" aria-haspopup=\"dialog\"><div class=\"kb-gal-image-radius\" style=\"max-width:1024px;\"><div class=\"kb-gallery-image-contain kadence-blocks-gallery-intrinsic\" style=\"padding-bottom:75%;\"><img loading=\"lazy\" decoding=\"async\" src=\"https:\/\/pravysmalt.cz\/wp-content\/uploads\/2022\/03\/senechal-plaketa01-1024x768.jpg\" width=\"1024\" height=\"768\" alt=\"Prav\u00fd smalt \u2022 Genuine Enamel \u2013 Senechal plaketa\" data-full-image=\"https:\/\/pravysmalt.cz\/wp-content\/uploads\/2022\/03\/senechal-plaketa01-e1646163727480.jpg\" data-light-image=\"https:\/\/pravysmalt.cz\/wp-content\/uploads\/2022\/03\/senechal-plaketa01-e1646163727480.jpg\" data-id=\"1104\" class=\"wp-image-1104\"\/><\/div><\/div><\/a><\/figure><\/div><\/li><\/ul><\/div><\/div><\/div>\n\n\n<style>.kadence-column_84205b-4b > .kt-inside-inner-col{border-top-width:0px;border-right-width:0px;border-bottom-width:0px;border-left-width:0px;}.kadence-column_84205b-4b > .kt-inside-inner-col,.kadence-column_84205b-4b > .kt-inside-inner-col:before{border-top-left-radius:0px;border-top-right-radius:0px;border-bottom-right-radius:0px;border-bottom-left-radius:0px;}.kadence-column_84205b-4b > .kt-inside-inner-col{column-gap:var(--global-kb-gap-sm, 1rem);}.kadence-column_84205b-4b > .kt-inside-inner-col{flex-direction:column;}.kadence-column_84205b-4b > .kt-inside-inner-col > .aligncenter{width:100%;}.kadence-column_84205b-4b > .kt-inside-inner-col:before{opacity:0.3;}.kadence-column_84205b-4b{position:relative;}@media all and (max-width: 1024px){.kadence-column_84205b-4b > .kt-inside-inner-col{flex-direction:column;justify-content:center;}}@media all and (max-width: 767px){.kadence-column_84205b-4b > .kt-inside-inner-col{flex-direction:column;justify-content:center;}}<\/style>\n<div class=\"wp-block-kadence-column inner-column-2 kadence-column_84205b-4b\"><div class=\"kt-inside-inner-col\">\n<h2 class=\"wp-block-heading\" id=\"stredomoravsky-klub-automobilistu-a-motocyklistusirka-98-mm4500-kc\">Plaketa Cyclecar Robert S\u00e9n\u00e9chal 1923<\/h2>\n\n\n\n<p class=\"wp-block-paragraph\">Champion de France<br>Record du Monde<br>Vitesse 750<br>Tourisme 1100<\/p>\n\n\n\n<h5 class=\"wp-block-heading\" id=\"stredomoravsky-klub-automobilistu-a-motocyklistusirka-98-mm4500-kc\">m\u011b\u010f + \u0161perka\u0159sk\u00fd smalt, pr\u016fm\u011br 100 mm<br>5000&nbsp;K\u010d<\/h5>\n<\/div><\/div>\n<\/div><\/div><\/div>\n\n\n\n<figure class=\"wp-block-video\"><video height=\"352\" style=\"aspect-ratio: 640 \/ 352;\" width=\"640\" controls src=\"https:\/\/pravysmalt.cz\/wp-content\/uploads\/2022\/03\/senechal-plaketa.mp4\"><\/video><\/figure>\n\n\n<style>.wp-block-kadence-advancedgallery .kb-gallery-type-grid.kb-gallery-id-_554267-ab{margin:-5px;}.kb-gallery-type-grid.kb-gallery-id-_554267-ab .kadence-blocks-gallery-item{padding:5px;}.kb-gallery-id-_554267-ab .kadence-blocks-gallery-item .kb-gal-image-radius, .kb-gallery-id-_554267-ab .kb-slide-item .kb-gal-image-radius img{border-radius:0px 0px 0px 0px;;}<\/style><div class=\"kb-gallery-wrap-id-_554267-ab alignnone wp-block-kadence-advancedgallery\"><ul class=\"kb-gallery-ul kb-gallery-non-static kb-gallery-type-grid kb-gallery-id-_554267-ab kb-gallery-caption-style-bottom-hover kb-gallery-filter-none kb-gallery-magnific-init\" data-image-filter=\"none\" data-item-selector=\".kadence-blocks-gallery-item\" data-lightbox-caption=\"true\" data-columns-xxl=\"3\" data-columns-xl=\"3\" data-columns-md=\"3\" data-columns-sm=\"2\" data-columns-xs=\"1\" data-columns-ss=\"1\"><li class=\"kadence-blocks-gallery-item\"><div class=\"kadence-blocks-gallery-item-inner\"><figure class=\"kb-gallery-figure kb-gallery-item-has-link kadence-blocks-gallery-item-hide-caption\"><a href=\"https:\/\/pravysmalt.cz\/wp-content\/uploads\/2022\/03\/IMG_9791.jpg\" data-description=\"Prav\u00fd smalt \u2022 Genuine Enamel \u2013 Senechal\" data-alt=\"Prav\u00fd smalt \u2022 Genuine Enamel \u2013 Senechal\" class=\"kb-gallery-item-link\"   role=\"button\" aria-haspopup=\"dialog\"><div class=\"kb-gal-image-radius\"><div class=\"kb-gallery-image-contain kadence-blocks-gallery-intrinsic kb-gallery-image-ratio-land32 kb-has-image-ratio-land32\" ><img loading=\"lazy\" decoding=\"async\" src=\"https:\/\/pravysmalt.cz\/wp-content\/uploads\/2022\/03\/IMG_9791-1024x768.jpg\" width=\"1024\" height=\"768\" alt=\"Prav\u00fd smalt \u2022 Genuine Enamel \u2013 Senechal\" data-full-image=\"https:\/\/pravysmalt.cz\/wp-content\/uploads\/2022\/03\/IMG_9791.jpg\" data-light-image=\"https:\/\/pravysmalt.cz\/wp-content\/uploads\/2022\/03\/IMG_9791.jpg\" data-id=\"1103\" class=\"wp-image-1103\" srcset=\"https:\/\/www.pravysmalt.cz\/wp-content\/uploads\/2022\/03\/IMG_9791-1024x768.jpg 1024w, https:\/\/www.pravysmalt.cz\/wp-content\/uploads\/2022\/03\/IMG_9791-300x225.jpg 300w, https:\/\/www.pravysmalt.cz\/wp-content\/uploads\/2022\/03\/IMG_9791-768x576.jpg 768w, https:\/\/www.pravysmalt.cz\/wp-content\/uploads\/2022\/03\/IMG_9791.jpg 1280w\" sizes=\"auto, (max-width: 1024px) 100vw, 1024px\" \/><\/div><\/div><\/a><\/figure><\/div><\/li><li class=\"kadence-blocks-gallery-item\"><div class=\"kadence-blocks-gallery-item-inner\"><figure class=\"kb-gallery-figure kb-gallery-item-has-link kadence-blocks-gallery-item-hide-caption\"><a href=\"https:\/\/pravysmalt.cz\/wp-content\/uploads\/2022\/03\/WLDL9862.jpg\" data-description=\"Prav\u00fd smalt \u2022 Genuine Enamel \u2013 Senechal\" data-alt=\"Prav\u00fd smalt \u2022 Genuine Enamel \u2013 Senechal\" class=\"kb-gallery-item-link\"   role=\"button\" aria-haspopup=\"dialog\"><div class=\"kb-gal-image-radius\"><div class=\"kb-gallery-image-contain kadence-blocks-gallery-intrinsic kb-gallery-image-ratio-land32 kb-has-image-ratio-land32\" ><img loading=\"lazy\" decoding=\"async\" src=\"https:\/\/pravysmalt.cz\/wp-content\/uploads\/2022\/03\/WLDL9862-975x1024.jpg\" width=\"975\" height=\"1024\" alt=\"Prav\u00fd smalt \u2022 Genuine Enamel \u2013 Senechal\" data-full-image=\"https:\/\/pravysmalt.cz\/wp-content\/uploads\/2022\/03\/WLDL9862.jpg\" data-light-image=\"https:\/\/pravysmalt.cz\/wp-content\/uploads\/2022\/03\/WLDL9862.jpg\" data-id=\"1102\" class=\"wp-image-1102\" srcset=\"https:\/\/www.pravysmalt.cz\/wp-content\/uploads\/2022\/03\/WLDL9862-975x1024.jpg 975w, https:\/\/www.pravysmalt.cz\/wp-content\/uploads\/2022\/03\/WLDL9862-286x300.jpg 286w, https:\/\/www.pravysmalt.cz\/wp-content\/uploads\/2022\/03\/WLDL9862-768x807.jpg 768w, https:\/\/www.pravysmalt.cz\/wp-content\/uploads\/2022\/03\/WLDL9862.jpg 1128w\" sizes=\"auto, (max-width: 975px) 100vw, 975px\" \/><\/div><\/div><\/a><\/figure><\/div><\/li><li class=\"kadence-blocks-gallery-item\"><div class=\"kadence-blocks-gallery-item-inner\"><figure class=\"kb-gallery-figure kb-gallery-item-has-link kadence-blocks-gallery-item-hide-caption\"><a href=\"https:\/\/pravysmalt.cz\/wp-content\/uploads\/2022\/03\/senechal-plaketa02-e1646163742171.jpg\" data-description=\"Prav\u00fd smalt \u2022 Genuine Enamel \u2013 Senechal plaketa\" data-alt=\"Prav\u00fd smalt \u2022 Genuine Enamel \u2013 Senechal plaketa\" class=\"kb-gallery-item-link\"   role=\"button\" aria-haspopup=\"dialog\"><div class=\"kb-gal-image-radius\"><div class=\"kb-gallery-image-contain kadence-blocks-gallery-intrinsic kb-gallery-image-ratio-land32 kb-has-image-ratio-land32\" ><img loading=\"lazy\" decoding=\"async\" src=\"https:\/\/pravysmalt.cz\/wp-content\/uploads\/2022\/03\/senechal-plaketa02-1024x768.jpg\" width=\"1024\" height=\"768\" alt=\"Prav\u00fd smalt \u2022 Genuine Enamel \u2013 Senechal plaketa\" data-full-image=\"https:\/\/pravysmalt.cz\/wp-content\/uploads\/2022\/03\/senechal-plaketa02-e1646163742171.jpg\" data-light-image=\"https:\/\/pravysmalt.cz\/wp-content\/uploads\/2022\/03\/senechal-plaketa02-e1646163742171.jpg\" data-id=\"1105\" class=\"wp-image-1105\"\/><\/div><\/div><\/a><\/figure><\/div><\/li><\/ul><\/div>","protected":false},"excerpt":{"rendered":"<p>Plaque Cyclecar Robert S\u00e9n\u00e9chal 1923 Champion de FranceRecord du MondeVitesse 750Tourisme 1100 copper + jewelry enamel, diameter 100 mm5000 CZK<\/p>","protected":false},"author":1,"featured_media":1105,"comment_status":"closed","ping_status":"closed","sticky":false,"template":"","format":"standard","meta":{"_kad_blocks_custom_css":"","_kad_blocks_head_custom_js":"","_kad_blocks_body_custom_js":"","_kad_blocks_footer_custom_js":"","_kad_post_transparent":"default","_kad_post_title":"default","_kad_post_layout":"default","_kad_post_sidebar_id":"","_kad_post_content_style":"default","_kad_post_vertical_padding":"default","_kad_post_feature":"","_kad_post_feature_position":"","_kad_post_header":false,"_kad_post_footer":false,"_kad_post_classname":"","footnotes":""},"categories":[102],"tags":[],"class_list":["post-1081","post","type-post","status-publish","format-standard","has-post-thumbnail","hentry","category-znaky"],"aioseo_notices":[],"aioseo_head":"\n\t\t<!-- All in One SEO 5.0.1.1 - aioseo.com -->\n\t<meta name=\"description\" content=\"Plaketa Cyclecar Robert S\u00e9n\u00e9chal 1923 Champion de FranceRecord du MondeVitesse 750Tourisme 1100 m\u011b\u010f + \u0161perka\u0159sk\u00fd smalt, pr\u016fm\u011br 100 mm5000 K\u010d\" \/>\n\t<meta name=\"robots\" content=\"max-image-preview:large\" \/>\n\t<meta name=\"author\" content=\"HujerRucka\"\/>\n\t<meta name=\"google-site-verification\" content=\"lJ-HXsYqf-P7vOZotOtf8UtEmv8CwZ5kbUP40sCnRBc\" \/>\n\t<link rel=\"canonical\" href=\"https:\/\/www.pravysmalt.cz\/en\/senechal-1923-2\/\" \/>\n\t<meta name=\"generator\" content=\"All in One SEO (AIOSEO) 5.0.1.1\" \/>\n\t\t<meta property=\"og:locale\" content=\"en_GB\" \/>\n\t\t<meta property=\"og:site_name\" content=\"Prav\u00fd smalt \u2013 smaltovan\u00e9 plakety, chladi\u010dov\u00e9 a klubov\u00e9 znaky\" \/>\n\t\t<meta property=\"og:type\" content=\"article\" \/>\n\t\t<meta property=\"og:title\" content=\"Cyclecar Robert S\u00e9n\u00e9chal 1923 - Prav\u00fd smalt \u2013 smaltovan\u00e9 plakety, chladi\u010dov\u00e9 a klubov\u00e9 znaky\" \/>\n\t\t<meta property=\"og:description\" content=\"Plaketa Cyclecar Robert S\u00e9n\u00e9chal 1923 Champion de FranceRecord du MondeVitesse 750Tourisme 1100 m\u011b\u010f + \u0161perka\u0159sk\u00fd smalt, pr\u016fm\u011br 100 mm5000 K\u010d\" \/>\n\t\t<meta property=\"og:url\" content=\"https:\/\/www.pravysmalt.cz\/en\/senechal-1923-2\/\" \/>\n\t\t<meta property=\"og:image\" content=\"https:\/\/www.pravysmalt.cz\/wp-content\/uploads\/2022\/03\/senechal-plaketa02-e1646163742171.jpg\" \/>\n\t\t<meta property=\"og:image:secure_url\" content=\"https:\/\/www.pravysmalt.cz\/wp-content\/uploads\/2022\/03\/senechal-plaketa02-e1646163742171.jpg\" \/>\n\t\t<meta property=\"og:image:width\" content=\"1280\" \/>\n\t\t<meta property=\"og:image:height\" content=\"960\" \/>\n\t\t<meta property=\"article:section\" content=\"Produkty\" \/>\n\t\t<meta property=\"article:published_time\" content=\"2022-03-01T19:48:14+00:00\" \/>\n\t\t<meta property=\"article:modified_time\" content=\"2022-04-21T12:47:24+00:00\" \/>\n\t\t<meta property=\"article:publisher\" content=\"https:\/\/www.facebook.com\/pravysmalt\" \/>\n\t\t<meta name=\"twitter:card\" content=\"summary_large_image\" \/>\n\t\t<meta name=\"twitter:title\" content=\"Cyclecar Robert S\u00e9n\u00e9chal 1923 - Prav\u00fd smalt \u2013 smaltovan\u00e9 plakety, chladi\u010dov\u00e9 a klubov\u00e9 znaky\" \/>\n\t\t<meta name=\"twitter:description\" content=\"Plaketa Cyclecar Robert S\u00e9n\u00e9chal 1923 Champion de FranceRecord du MondeVitesse 750Tourisme 1100 m\u011b\u010f + \u0161perka\u0159sk\u00fd smalt, pr\u016fm\u011br 100 mm5000 K\u010d\" \/>\n\t\t<meta name=\"twitter:image\" content=\"https:\/\/www.pravysmalt.cz\/wp-content\/uploads\/2022\/03\/senechal-plaketa02-e1646163742171.jpg\" \/>\n\t\t<meta name=\"twitter:label1\" content=\"Written by\" \/>\n\t\t<meta name=\"twitter:data1\" content=\"HujerRucka\" \/>\n\t\t<script type=\"application\/ld+json\" class=\"aioseo-schema\">\n\t\t\t{\"@context\":\"https:\\\/\\\/schema.org\",\"@graph\":[{\"@type\":\"Article\",\"@id\":\"https:\\\/\\\/www.pravysmalt.cz\\\/en\\\/senechal-1923-2\\\/#article\",\"name\":\"Cyclecar Robert S\\u00e9n\\u00e9chal 1923 - Prav\\u00fd smalt \\u2013 smaltovan\\u00e9 plakety, chladi\\u010dov\\u00e9 a klubov\\u00e9 znaky\",\"headline\":\"Cyclecar Robert S\\u00e9n\\u00e9chal 1923\",\"author\":{\"@id\":\"https:\\\/\\\/www.pravysmalt.cz\\\/en\\\/author\\\/hujerrucka\\\/#author\"},\"publisher\":{\"@id\":\"https:\\\/\\\/www.pravysmalt.cz\\\/en\\\/#organization\"},\"image\":{\"@type\":\"ImageObject\",\"url\":\"https:\\\/\\\/www.pravysmalt.cz\\\/wp-content\\\/uploads\\\/2022\\\/03\\\/senechal-plaketa02-e1646163742171.jpg\",\"width\":1280,\"height\":960,\"caption\":\"Prav\\u00fd smalt \\u2022 Genuine Enamel \\u2013 Senechal plaketa\"},\"datePublished\":\"2022-03-01T20:48:14+01:00\",\"dateModified\":\"2022-04-21T14:47:24+02:00\",\"inLanguage\":\"en-GB\",\"mainEntityOfPage\":{\"@id\":\"https:\\\/\\\/www.pravysmalt.cz\\\/en\\\/senechal-1923-2\\\/#webpage\"},\"isPartOf\":{\"@id\":\"https:\\\/\\\/www.pravysmalt.cz\\\/en\\\/senechal-1923-2\\\/#webpage\"},\"articleSection\":\"Chladi\\u010dov\\u00e9 a klubov\\u00e9 znaky\"},{\"@type\":\"BreadcrumbList\",\"@id\":\"https:\\\/\\\/www.pravysmalt.cz\\\/en\\\/senechal-1923-2\\\/#breadcrumblist\",\"itemListElement\":[{\"@type\":\"ListItem\",\"@id\":\"https:\\\/\\\/www.pravysmalt.cz\\\/en#listItem\",\"position\":1,\"name\":\"Dom\\u016f\",\"item\":\"https:\\\/\\\/www.pravysmalt.cz\\\/en\",\"nextItem\":{\"@type\":\"ListItem\",\"@id\":\"https:\\\/\\\/www.pravysmalt.cz\\\/en\\\/category\\\/znaky\\\/#listItem\",\"name\":\"Chladi\\u010dov\\u00e9 a klubov\\u00e9 znaky\"}},{\"@type\":\"ListItem\",\"@id\":\"https:\\\/\\\/www.pravysmalt.cz\\\/en\\\/category\\\/znaky\\\/#listItem\",\"position\":2,\"name\":\"Chladi\\u010dov\\u00e9 a klubov\\u00e9 znaky\",\"item\":\"https:\\\/\\\/www.pravysmalt.cz\\\/en\\\/category\\\/znaky\\\/\",\"nextItem\":{\"@type\":\"ListItem\",\"@id\":\"https:\\\/\\\/www.pravysmalt.cz\\\/en\\\/senechal-1923-2\\\/#listItem\",\"name\":\"Cyclecar Robert S\\u00e9n\\u00e9chal 1923\"},\"previousItem\":{\"@type\":\"ListItem\",\"@id\":\"https:\\\/\\\/www.pravysmalt.cz\\\/en#listItem\",\"name\":\"Dom\\u016f\"}},{\"@type\":\"ListItem\",\"@id\":\"https:\\\/\\\/www.pravysmalt.cz\\\/en\\\/senechal-1923-2\\\/#listItem\",\"position\":3,\"name\":\"Cyclecar Robert S\\u00e9n\\u00e9chal 1923\",\"previousItem\":{\"@type\":\"ListItem\",\"@id\":\"https:\\\/\\\/www.pravysmalt.cz\\\/en\\\/category\\\/znaky\\\/#listItem\",\"name\":\"Chladi\\u010dov\\u00e9 a klubov\\u00e9 znaky\"}}]},{\"@type\":\"Organization\",\"@id\":\"https:\\\/\\\/www.pravysmalt.cz\\\/en\\\/#organization\",\"name\":\"Prav\\u00fd smalt\",\"description\":\"Smalt \\u2022 Smaltovan\\u00e9 v\\u00fdrobky taven\\u00e9 v peci p\\u0159i teplot\\u00e1ch kolem 800 \\u00b0C. Plakety \\u2022 chladi\\u010dov\\u00e9 znaky \\u2022 klubov\\u00e9 znaky \\u2022 odznaky \\u2022 plaques \\u2022 cooler badges \\u2022 club badges \\u2022 badges\",\"url\":\"https:\\\/\\\/www.pravysmalt.cz\\\/en\\\/\",\"logo\":{\"@type\":\"ImageObject\",\"url\":\"https:\\\/\\\/pravysmalt.cz\\\/wp-content\\\/uploads\\\/2021\\\/09\\\/pravysmaltlogo.gif\",\"@id\":\"https:\\\/\\\/www.pravysmalt.cz\\\/en\\\/senechal-1923-2\\\/#organizationLogo\"},\"image\":{\"@id\":\"https:\\\/\\\/www.pravysmalt.cz\\\/en\\\/senechal-1923-2\\\/#organizationLogo\"},\"sameAs\":[\"https:\\\/\\\/www.facebook.com\\\/pravysmalt\"]},{\"@type\":\"Person\",\"@id\":\"https:\\\/\\\/www.pravysmalt.cz\\\/en\\\/author\\\/hujerrucka\\\/#author\",\"url\":\"https:\\\/\\\/www.pravysmalt.cz\\\/en\\\/author\\\/hujerrucka\\\/\",\"name\":\"HujerRucka\"},{\"@type\":\"WebPage\",\"@id\":\"https:\\\/\\\/www.pravysmalt.cz\\\/en\\\/senechal-1923-2\\\/#webpage\",\"url\":\"https:\\\/\\\/www.pravysmalt.cz\\\/en\\\/senechal-1923-2\\\/\",\"name\":\"Cyclecar Robert S\\u00e9n\\u00e9chal 1923 - Prav\\u00fd smalt \\u2013 smaltovan\\u00e9 plakety, chladi\\u010dov\\u00e9 a klubov\\u00e9 znaky\",\"description\":\"Plaketa Cyclecar Robert S\\u00e9n\\u00e9chal 1923 Champion de FranceRecord du MondeVitesse 750Tourisme 1100 m\\u011b\\u010f + \\u0161perka\\u0159sk\\u00fd smalt, pr\\u016fm\\u011br 100 mm5000 K\\u010d\",\"inLanguage\":\"en-GB\",\"isPartOf\":{\"@id\":\"https:\\\/\\\/www.pravysmalt.cz\\\/en\\\/#website\"},\"breadcrumb\":{\"@id\":\"https:\\\/\\\/www.pravysmalt.cz\\\/en\\\/senechal-1923-2\\\/#breadcrumblist\"},\"author\":{\"@id\":\"https:\\\/\\\/www.pravysmalt.cz\\\/en\\\/author\\\/hujerrucka\\\/#author\"},\"creator\":{\"@id\":\"https:\\\/\\\/www.pravysmalt.cz\\\/en\\\/author\\\/hujerrucka\\\/#author\"},\"image\":{\"@type\":\"ImageObject\",\"url\":\"https:\\\/\\\/www.pravysmalt.cz\\\/wp-content\\\/uploads\\\/2022\\\/03\\\/senechal-plaketa02-e1646163742171.jpg\",\"@id\":\"https:\\\/\\\/www.pravysmalt.cz\\\/en\\\/senechal-1923-2\\\/#mainImage\",\"width\":1280,\"height\":960,\"caption\":\"Prav\\u00fd smalt \\u2022 Genuine Enamel \\u2013 Senechal plaketa\"},\"primaryImageOfPage\":{\"@id\":\"https:\\\/\\\/www.pravysmalt.cz\\\/en\\\/senechal-1923-2\\\/#mainImage\"},\"datePublished\":\"2022-03-01T20:48:14+01:00\",\"dateModified\":\"2022-04-21T14:47:24+02:00\"},{\"@type\":\"WebSite\",\"@id\":\"https:\\\/\\\/www.pravysmalt.cz\\\/en\\\/#website\",\"url\":\"https:\\\/\\\/www.pravysmalt.cz\\\/en\\\/\",\"name\":\"Prav\\u00fd smalt \\u2013 smaltovan\\u00e9 plakety, chladi\\u010dov\\u00e9 a klubov\\u00e9 znaky\",\"description\":\"Smalt \\u2022 Smaltovan\\u00e9 v\\u00fdrobky taven\\u00e9 v peci p\\u0159i teplot\\u00e1ch kolem 800 \\u00b0C. Plakety \\u2022 chladi\\u010dov\\u00e9 znaky \\u2022 klubov\\u00e9 znaky \\u2022 odznaky \\u2022 plaques \\u2022 cooler badges \\u2022 club badges \\u2022 badges\",\"inLanguage\":\"en-GB\",\"publisher\":{\"@id\":\"https:\\\/\\\/www.pravysmalt.cz\\\/en\\\/#organization\"}}]}\n\t\t<\/script>\n\t\t<!-- All in One SEO -->\n\n","aioseo_head_json":{"title":"Cyclecar Robert S\u00e9n\u00e9chal 1923 - Prav\u00fd smalt \u2013 smaltovan\u00e9 plakety, chladi\u010dov\u00e9 a klubov\u00e9 znaky","description":"Plaketa Cyclecar Robert S\u00e9n\u00e9chal 1923 Champion de FranceRecord du MondeVitesse 750Tourisme 1100 m\u011b\u010f + \u0161perka\u0159sk\u00fd smalt, pr\u016fm\u011br 100 mm5000 K\u010d","canonical_url":"https:\/\/www.pravysmalt.cz\/en\/senechal-1923-2\/","robots":"max-image-preview:large","keywords":"","webmasterTools":{"google-site-verification":"lJ-HXsYqf-P7vOZotOtf8UtEmv8CwZ5kbUP40sCnRBc","miscellaneous":""},"schema":{"@context":"https:\/\/schema.org","@graph":[{"@type":"Article","@id":"https:\/\/www.pravysmalt.cz\/en\/senechal-1923-2\/#article","name":"Cyclecar Robert S\u00e9n\u00e9chal 1923 - Prav\u00fd smalt \u2013 smaltovan\u00e9 plakety, chladi\u010dov\u00e9 a klubov\u00e9 znaky","headline":"Cyclecar Robert S\u00e9n\u00e9chal 1923","author":{"@id":"https:\/\/www.pravysmalt.cz\/en\/author\/hujerrucka\/#author"},"publisher":{"@id":"https:\/\/www.pravysmalt.cz\/en\/#organization"},"image":{"@type":"ImageObject","url":"https:\/\/www.pravysmalt.cz\/wp-content\/uploads\/2022\/03\/senechal-plaketa02-e1646163742171.jpg","width":1280,"height":960,"caption":"Prav\u00fd smalt \u2022 Genuine Enamel \u2013 Senechal plaketa"},"datePublished":"2022-03-01T20:48:14+01:00","dateModified":"2022-04-21T14:47:24+02:00","inLanguage":"en-GB","mainEntityOfPage":{"@id":"https:\/\/www.pravysmalt.cz\/en\/senechal-1923-2\/#webpage"},"isPartOf":{"@id":"https:\/\/www.pravysmalt.cz\/en\/senechal-1923-2\/#webpage"},"articleSection":"Chladi\u010dov\u00e9 a klubov\u00e9 znaky"},{"@type":"BreadcrumbList","@id":"https:\/\/www.pravysmalt.cz\/en\/senechal-1923-2\/#breadcrumblist","itemListElement":[{"@type":"ListItem","@id":"https:\/\/www.pravysmalt.cz\/en#listItem","position":1,"name":"Dom\u016f","item":"https:\/\/www.pravysmalt.cz\/en","nextItem":{"@type":"ListItem","@id":"https:\/\/www.pravysmalt.cz\/en\/category\/znaky\/#listItem","name":"Chladi\u010dov\u00e9 a klubov\u00e9 znaky"}},{"@type":"ListItem","@id":"https:\/\/www.pravysmalt.cz\/en\/category\/znaky\/#listItem","position":2,"name":"Chladi\u010dov\u00e9 a klubov\u00e9 znaky","item":"https:\/\/www.pravysmalt.cz\/en\/category\/znaky\/","nextItem":{"@type":"ListItem","@id":"https:\/\/www.pravysmalt.cz\/en\/senechal-1923-2\/#listItem","name":"Cyclecar Robert S\u00e9n\u00e9chal 1923"},"previousItem":{"@type":"ListItem","@id":"https:\/\/www.pravysmalt.cz\/en#listItem","name":"Dom\u016f"}},{"@type":"ListItem","@id":"https:\/\/www.pravysmalt.cz\/en\/senechal-1923-2\/#listItem","position":3,"name":"Cyclecar Robert S\u00e9n\u00e9chal 1923","previousItem":{"@type":"ListItem","@id":"https:\/\/www.pravysmalt.cz\/en\/category\/znaky\/#listItem","name":"Chladi\u010dov\u00e9 a klubov\u00e9 znaky"}}]},{"@type":"Organization","@id":"https:\/\/www.pravysmalt.cz\/en\/#organization","name":"Prav\u00fd smalt","description":"Smalt \u2022 Smaltovan\u00e9 v\u00fdrobky taven\u00e9 v peci p\u0159i teplot\u00e1ch kolem 800 \u00b0C. Plakety \u2022 chladi\u010dov\u00e9 znaky \u2022 klubov\u00e9 znaky \u2022 odznaky \u2022 plaques \u2022 cooler badges \u2022 club badges \u2022 badges","url":"https:\/\/www.pravysmalt.cz\/en\/","logo":{"@type":"ImageObject","url":"https:\/\/pravysmalt.cz\/wp-content\/uploads\/2021\/09\/pravysmaltlogo.gif","@id":"https:\/\/www.pravysmalt.cz\/en\/senechal-1923-2\/#organizationLogo"},"image":{"@id":"https:\/\/www.pravysmalt.cz\/en\/senechal-1923-2\/#organizationLogo"},"sameAs":["https:\/\/www.facebook.com\/pravysmalt"]},{"@type":"Person","@id":"https:\/\/www.pravysmalt.cz\/en\/author\/hujerrucka\/#author","url":"https:\/\/www.pravysmalt.cz\/en\/author\/hujerrucka\/","name":"HujerRucka"},{"@type":"WebPage","@id":"https:\/\/www.pravysmalt.cz\/en\/senechal-1923-2\/#webpage","url":"https:\/\/www.pravysmalt.cz\/en\/senechal-1923-2\/","name":"Cyclecar Robert S\u00e9n\u00e9chal 1923 - Prav\u00fd smalt \u2013 smaltovan\u00e9 plakety, chladi\u010dov\u00e9 a klubov\u00e9 znaky","description":"Plaketa Cyclecar Robert S\u00e9n\u00e9chal 1923 Champion de FranceRecord du MondeVitesse 750Tourisme 1100 m\u011b\u010f + \u0161perka\u0159sk\u00fd smalt, pr\u016fm\u011br 100 mm5000 K\u010d","inLanguage":"en-GB","isPartOf":{"@id":"https:\/\/www.pravysmalt.cz\/en\/#website"},"breadcrumb":{"@id":"https:\/\/www.pravysmalt.cz\/en\/senechal-1923-2\/#breadcrumblist"},"author":{"@id":"https:\/\/www.pravysmalt.cz\/en\/author\/hujerrucka\/#author"},"creator":{"@id":"https:\/\/www.pravysmalt.cz\/en\/author\/hujerrucka\/#author"},"image":{"@type":"ImageObject","url":"https:\/\/www.pravysmalt.cz\/wp-content\/uploads\/2022\/03\/senechal-plaketa02-e1646163742171.jpg","@id":"https:\/\/www.pravysmalt.cz\/en\/senechal-1923-2\/#mainImage","width":1280,"height":960,"caption":"Prav\u00fd smalt \u2022 Genuine Enamel \u2013 Senechal plaketa"},"primaryImageOfPage":{"@id":"https:\/\/www.pravysmalt.cz\/en\/senechal-1923-2\/#mainImage"},"datePublished":"2022-03-01T20:48:14+01:00","dateModified":"2022-04-21T14:47:24+02:00"},{"@type":"WebSite","@id":"https:\/\/www.pravysmalt.cz\/en\/#website","url":"https:\/\/www.pravysmalt.cz\/en\/","name":"Prav\u00fd smalt \u2013 smaltovan\u00e9 plakety, chladi\u010dov\u00e9 a klubov\u00e9 znaky","description":"Smalt \u2022 Smaltovan\u00e9 v\u00fdrobky taven\u00e9 v peci p\u0159i teplot\u00e1ch kolem 800 \u00b0C. Plakety \u2022 chladi\u010dov\u00e9 znaky \u2022 klubov\u00e9 znaky \u2022 odznaky \u2022 plaques \u2022 cooler badges \u2022 club badges \u2022 badges","inLanguage":"en-GB","publisher":{"@id":"https:\/\/www.pravysmalt.cz\/en\/#organization"}}]},"og:locale":"en_GB","og:site_name":"Prav\u00fd smalt \u2013 smaltovan\u00e9 plakety, chladi\u010dov\u00e9 a klubov\u00e9 znaky","og:type":"article","og:title":"Cyclecar Robert S\u00e9n\u00e9chal 1923 - Prav\u00fd smalt \u2013 smaltovan\u00e9 plakety, chladi\u010dov\u00e9 a klubov\u00e9 znaky","og:description":"Plaketa Cyclecar Robert S\u00e9n\u00e9chal 1923 Champion de FranceRecord du MondeVitesse 750Tourisme 1100 m\u011b\u010f + \u0161perka\u0159sk\u00fd smalt, pr\u016fm\u011br 100 mm5000 K\u010d","og:url":"https:\/\/www.pravysmalt.cz\/en\/senechal-1923-2\/","og:image":"https:\/\/www.pravysmalt.cz\/wp-content\/uploads\/2022\/03\/senechal-plaketa02-e1646163742171.jpg","og:image:secure_url":"https:\/\/www.pravysmalt.cz\/wp-content\/uploads\/2022\/03\/senechal-plaketa02-e1646163742171.jpg","og:image:width":1280,"og:image:height":960,"article:section":"Produkty","article:published_time":"2022-03-01T19:48:14+00:00","article:modified_time":"2022-04-21T12:47:24+00:00","article:publisher":"https:\/\/www.facebook.com\/pravysmalt","twitter:card":"summary_large_image","twitter:title":"Cyclecar Robert S\u00e9n\u00e9chal 1923 - Prav\u00fd smalt \u2013 smaltovan\u00e9 plakety, chladi\u010dov\u00e9 a klubov\u00e9 znaky","twitter:description":"Plaketa Cyclecar Robert S\u00e9n\u00e9chal 1923 Champion de FranceRecord du MondeVitesse 750Tourisme 1100 m\u011b\u010f + \u0161perka\u0159sk\u00fd smalt, pr\u016fm\u011br 100 mm5000 K\u010d","twitter:image":"https:\/\/www.pravysmalt.cz\/wp-content\/uploads\/2022\/03\/senechal-plaketa02-e1646163742171.jpg","twitter:label1":"Written by","twitter:data1":"HujerRucka"},"aioseo_meta_data":{"post_id":"1081","title":null,"description":null,"keywords":null,"keyphrases":{"focus":[],"additional":[]},"primary_term":null,"canonical_url":null,"og_title":null,"og_description":null,"og_object_type":"default","og_image_type":"featured","og_image_url":null,"og_image_width":null,"og_image_height":null,"og_image_custom_url":null,"og_image_custom_fields":null,"og_video":null,"og_custom_url":null,"og_article_section":"Produkty","og_article_tags":null,"twitter_use_og":true,"twitter_card":"default","twitter_image_type":"default","twitter_image_url":null,"twitter_image_custom_url":null,"twitter_image_custom_fields":null,"twitter_title":null,"twitter_description":null,"schema":{"blockGraphs":[],"customGraphs":[],"default":{"data":{"Article":[],"Course":[],"Dataset":[],"FAQPage":[],"Movie":[],"Person":[],"Product":[],"ProductReview":[],"Car":[],"Recipe":[],"Service":[],"SoftwareApplication":[],"WebPage":[]},"graphName":"","isEnabled":true},"graphs":[]},"schema_type":"default","schema_type_options":null,"pillar_content":false,"robots_default":true,"robots_noindex":false,"robots_noarchive":false,"robots_nosnippet":false,"robots_nofollow":false,"robots_noimageindex":false,"robots_noodp":false,"robots_notranslate":false,"robots_max_snippet":null,"robots_max_videopreview":null,"robots_max_imagepreview":"large","priority":null,"frequency":null,"local_seo":null,"breadcrumb_settings":null,"limit_modified_date":false,"ai":null,"created":"2023-03-29 13:54:48","updated":"2026-08-31 10:23:17","focus_keyword":null,"additional_keywords":null,"truseo_locale":null,"seo_analyzer_scan_date":null},"aioseo_breadcrumb":"<div class=\"aioseo-breadcrumbs\"><span class=\"aioseo-breadcrumb\">\n\t\t\t<a href=\"https:\/\/www.pravysmalt.cz\/en\" title=\"Dom\u016f\">Dom\u016f<\/a>\n\t\t<\/span><span class=\"aioseo-breadcrumb-separator\">&raquo;<\/span><span class=\"aioseo-breadcrumb\">\n\t\t\t<a href=\"https:\/\/www.pravysmalt.cz\/en\/category\/znaky\/\" title=\"Chladi\u010dov\u00e9 a klubov\u00e9 znaky\">Chladi\u010dov\u00e9 a klubov\u00e9 znaky<\/a>\n\t\t<\/span><span class=\"aioseo-breadcrumb-separator\">&raquo;<\/span><span class=\"aioseo-breadcrumb\">\n\t\t\tCyclecar Robert S\u00e9n\u00e9chal 1923\n\t\t<\/span><\/div>","aioseo_breadcrumb_json":[{"label":"Dom\u016f","link":"https:\/\/www.pravysmalt.cz\/en"},{"label":"Chladi\u010dov\u00e9 a klubov\u00e9 znaky","link":"https:\/\/www.pravysmalt.cz\/en\/category\/znaky\/"},{"label":"Cyclecar Robert S\u00e9n\u00e9chal 1923","link":"https:\/\/www.pravysmalt.cz\/en\/senechal-1923-2\/"}],"taxonomy_info":{"category":[{"value":102,"label":"Chladi\u010dov\u00e9 a klubov\u00e9 znaky"}]},"featured_image_src_large":["https:\/\/www.pravysmalt.cz\/wp-content\/uploads\/2022\/03\/senechal-plaketa02-1024x768.jpg",1024,768,true],"author_info":{"display_name":"HujerRucka","author_link":"https:\/\/www.pravysmalt.cz\/en\/author\/hujerrucka\/"},"comment_info":0,"category_info":[{"term_id":102,"name":"Chladi\u010dov\u00e9 a klubov\u00e9 znaky","slug":"znaky","term_group":0,"term_taxonomy_id":102,"taxonomy":"category","description":"","parent":0,"count":15,"filter":"raw","cat_ID":102,"category_count":15,"category_description":"","cat_name":"Chladi\u010dov\u00e9 a klubov\u00e9 znaky","category_nicename":"znaky","category_parent":0}],"tag_info":false,"_links":{"self":[{"href":"https:\/\/www.pravysmalt.cz\/en\/wp-json\/wp\/v2\/posts\/1081","targetHints":{"allow":["GET"]}}],"collection":[{"href":"https:\/\/www.pravysmalt.cz\/en\/wp-json\/wp\/v2\/posts"}],"about":[{"href":"https:\/\/www.pravysmalt.cz\/en\/wp-json\/wp\/v2\/types\/post"}],"author":[{"embeddable":true,"href":"https:\/\/www.pravysmalt.cz\/en\/wp-json\/wp\/v2\/users\/1"}],"replies":[{"embeddable":true,"href":"https:\/\/www.pravysmalt.cz\/en\/wp-json\/wp\/v2\/comments?post=1081"}],"version-history":[{"count":0,"href":"https:\/\/www.pravysmalt.cz\/en\/wp-json\/wp\/v2\/posts\/1081\/revisions"}],"wp:featuredmedia":[{"embeddable":true,"href":"https:\/\/www.pravysmalt.cz\/en\/wp-json\/wp\/v2\/media\/1105"}],"wp:attachment":[{"href":"https:\/\/www.pravysmalt.cz\/en\/wp-json\/wp\/v2\/media?parent=1081"}],"wp:term":[{"taxonomy":"category","embeddable":true,"href":"https:\/\/www.pravysmalt.cz\/en\/wp-json\/wp\/v2\/categories?post=1081"},{"taxonomy":"post_tag","embeddable":true,"href":"https:\/\/www.pravysmalt.cz\/en\/wp-json\/wp\/v2\/tags?post=1081"}],"curies":[{"name":"wp","href":"https:\/\/api.w.org\/{rel}","templated":true}]}}