{"id":1323,"date":"2022-08-30T09:59:08","date_gmt":"2022-08-30T07:59:08","guid":{"rendered":"https:\/\/www.pravysmalt.cz\/?p=1323"},"modified":"2025-01-23T15:42:50","modified_gmt":"2025-01-23T14:42:50","slug":"brno-sobesice-2022","status":"publish","type":"post","link":"https:\/\/www.pravysmalt.cz\/en\/brno-sobesice-2022\/","title":{"rendered":"Brno\u2013Sobesice 2022"},"content":{"rendered":"<div class=\"wp-block-columns is-layout-flex wp-container-core-columns-is-layout-8f761849 wp-block-columns-is-layout-flex\">\n<div class=\"wp-block-column is-layout-flow wp-block-column-is-layout-flow\"><style>.wp-block-kadence-advancedgallery .kb-gallery-type-masonry.kb-gallery-id-_bf90de-c7{margin:-5px;}.kb-gallery-type-masonry.kb-gallery-id-_bf90de-c7 .kadence-blocks-gallery-item{padding:5px;}.kb-gallery-id-_bf90de-c7 .kadence-blocks-gallery-item .kb-gal-image-radius, .kb-gallery-id-_bf90de-c7 .kb-slide-item .kb-gal-image-radius img{border-radius:0px 0px 0px 0px;;}<\/style><div class=\"kb-gallery-wrap-id-_bf90de-c7 alignnone wp-block-kadence-advancedgallery\"><ul class=\"kb-gallery-ul kb-gallery-non-static kb-gallery-type-masonry kb-masonry-init kb-gallery-id-_bf90de-c7 kb-gallery-caption-style-bottom-hover kb-gallery-filter-none\" data-image-filter=\"none\" data-item-selector=\".kadence-blocks-gallery-item\" data-lightbox-caption=\"true\" data-columns-xxl=\"1\" data-columns-xl=\"1\" data-columns-md=\"1\" data-columns-sm=\"1\" data-columns-xs=\"1\" data-columns-ss=\"1\"><li class=\"kadence-blocks-gallery-item\" tabindex=\"0\"><div class=\"kadence-blocks-gallery-item-inner\"><figure class=\"kb-gallery-figure kadence-blocks-gallery-item-hide-caption\"><div class=\"kb-gal-image-radius\" style=\"max-width:1024px;\"><div class=\"kb-gallery-image-contain kadence-blocks-gallery-intrinsic\" style=\"padding-bottom:59%;\"><img loading=\"lazy\" decoding=\"async\" src=\"https:\/\/www.pravysmalt.cz\/wp-content\/uploads\/2022\/08\/001-1024x612.jpg\" width=\"1024\" height=\"612\" alt=\"\" data-full-image=\"https:\/\/www.pravysmalt.cz\/wp-content\/uploads\/2022\/08\/001.jpg\" data-light-image=\"https:\/\/www.pravysmalt.cz\/wp-content\/uploads\/2022\/08\/001.jpg\" data-id=\"1326\" class=\"wp-image-1326\" srcset=\"https:\/\/www.pravysmalt.cz\/wp-content\/uploads\/2022\/08\/001-1024x612.jpg 1024w, https:\/\/www.pravysmalt.cz\/wp-content\/uploads\/2022\/08\/001-300x179.jpg 300w, https:\/\/www.pravysmalt.cz\/wp-content\/uploads\/2022\/08\/001-768x459.jpg 768w, https:\/\/www.pravysmalt.cz\/wp-content\/uploads\/2022\/08\/001-1536x918.jpg 1536w, https:\/\/www.pravysmalt.cz\/wp-content\/uploads\/2022\/08\/001.jpg 1875w\" sizes=\"auto, (max-width: 1024px) 100vw, 1024px\" \/><\/div><\/div><\/figure><\/div><\/li><\/ul><\/div><\/div>\n\n\n\n<div class=\"wp-block-column is-layout-flow wp-block-column-is-layout-flow\">\n<h1>Upom\u00ednkov\u00e1 plaketa Brno\u2013Sob\u011b\u0161ice 2022<\/h1>\n<p>K&nbsp;n\u00e1vrhu byl pou\u017eit motiv z&nbsp;plak\u00e1tu od Eduarda Mil\u00e9na na rok 1924.\u00a0<br \/>Plaketa je z&nbsp;m\u011bdi a&nbsp;\u0161perka\u0159sk\u00e9ho smaltu, rozm\u011br 80&#215;52 mm, cena 3500&nbsp;K\u010d<\/p>\n<\/div>\n<\/div>\n\n\n<style>.wp-block-kadence-advancedgallery .kb-gallery-type-masonry.kb-gallery-id-_07959c-b2{margin:-5px;}.kb-gallery-type-masonry.kb-gallery-id-_07959c-b2 .kadence-blocks-gallery-item{padding:5px;}.kb-gallery-id-_07959c-b2 .kadence-blocks-gallery-item .kb-gal-image-radius, .kb-gallery-id-_07959c-b2 .kb-slide-item .kb-gal-image-radius img{border-radius:0px 0px 0px 0px;;}<\/style><div class=\"kb-gallery-wrap-id-_07959c-b2 alignnone wp-block-kadence-advancedgallery\"><ul class=\"kb-gallery-ul kb-gallery-non-static kb-gallery-type-masonry kb-masonry-init kb-gallery-id-_07959c-b2 kb-gallery-caption-style-bottom-hover kb-gallery-filter-none kb-gallery-magnific-init\" data-image-filter=\"none\" data-item-selector=\".kadence-blocks-gallery-item\" data-lightbox-caption=\"true\" data-columns-xxl=\"1\" data-columns-xl=\"1\" data-columns-md=\"1\" data-columns-sm=\"1\" data-columns-xs=\"1\" data-columns-ss=\"1\"><li class=\"kadence-blocks-gallery-item\"><div class=\"kadence-blocks-gallery-item-inner\"><figure class=\"kb-gallery-figure kb-gallery-item-has-link kadence-blocks-gallery-item-hide-caption\"><a href=\"https:\/\/www.pravysmalt.cz\/wp-content\/uploads\/2022\/08\/002-scaled.jpg\" class=\"kb-gallery-item-link\"   role=\"button\" aria-haspopup=\"dialog\"><div class=\"kb-gal-image-radius\" style=\"max-width:1024px;\"><div class=\"kb-gallery-image-contain kadence-blocks-gallery-intrinsic\" style=\"padding-bottom:66%;\"><img loading=\"lazy\" decoding=\"async\" src=\"https:\/\/www.pravysmalt.cz\/wp-content\/uploads\/2022\/08\/002-1024x683.jpg\" width=\"1024\" height=\"683\" alt=\"\" data-full-image=\"https:\/\/www.pravysmalt.cz\/wp-content\/uploads\/2022\/08\/002-scaled.jpg\" data-light-image=\"https:\/\/www.pravysmalt.cz\/wp-content\/uploads\/2022\/08\/002-scaled.jpg\" data-id=\"1327\" class=\"wp-image-1327\" srcset=\"https:\/\/www.pravysmalt.cz\/wp-content\/uploads\/2022\/08\/002-1024x683.jpg 1024w, https:\/\/www.pravysmalt.cz\/wp-content\/uploads\/2022\/08\/002-300x200.jpg 300w, https:\/\/www.pravysmalt.cz\/wp-content\/uploads\/2022\/08\/002-768x512.jpg 768w, https:\/\/www.pravysmalt.cz\/wp-content\/uploads\/2022\/08\/002-1536x1024.jpg 1536w, https:\/\/www.pravysmalt.cz\/wp-content\/uploads\/2022\/08\/002-2048x1366.jpg 2048w\" sizes=\"auto, (max-width: 1024px) 100vw, 1024px\" \/><\/div><\/div><\/a><\/figure><\/div><\/li><li class=\"kadence-blocks-gallery-item\"><div class=\"kadence-blocks-gallery-item-inner\"><figure class=\"kb-gallery-figure kb-gallery-item-has-link kadence-blocks-gallery-item-hide-caption\"><a href=\"https:\/\/www.pravysmalt.cz\/wp-content\/uploads\/2022\/08\/003-scaled.jpg\" data-description=\"Brno\u2013Sob\u011b\u0161ice 2022\" class=\"kb-gallery-item-link\"   role=\"button\" aria-haspopup=\"dialog\"><div class=\"kb-gal-image-radius\" style=\"max-width:1024px;\"><div class=\"kb-gallery-image-contain kadence-blocks-gallery-intrinsic\" style=\"padding-bottom:62%;\"><img loading=\"lazy\" decoding=\"async\" src=\"https:\/\/www.pravysmalt.cz\/wp-content\/uploads\/2022\/08\/003-1024x642.jpg\" width=\"1024\" height=\"642\" alt=\"\" data-full-image=\"https:\/\/www.pravysmalt.cz\/wp-content\/uploads\/2022\/08\/003-scaled.jpg\" data-light-image=\"https:\/\/www.pravysmalt.cz\/wp-content\/uploads\/2022\/08\/003-scaled.jpg\" data-id=\"1328\" class=\"wp-image-1328\" srcset=\"https:\/\/www.pravysmalt.cz\/wp-content\/uploads\/2022\/08\/003-1024x642.jpg 1024w, https:\/\/www.pravysmalt.cz\/wp-content\/uploads\/2022\/08\/003-300x188.jpg 300w, https:\/\/www.pravysmalt.cz\/wp-content\/uploads\/2022\/08\/003-768x482.jpg 768w, https:\/\/www.pravysmalt.cz\/wp-content\/uploads\/2022\/08\/003-1536x963.jpg 1536w, https:\/\/www.pravysmalt.cz\/wp-content\/uploads\/2022\/08\/003-2048x1285.jpg 2048w\" sizes=\"auto, (max-width: 1024px) 100vw, 1024px\" \/><\/div><\/div><\/a><\/figure><\/div><\/li><li class=\"kadence-blocks-gallery-item\"><div class=\"kadence-blocks-gallery-item-inner\"><figure class=\"kb-gallery-figure kb-gallery-item-has-link kadence-blocks-gallery-item-hide-caption\"><a href=\"https:\/\/www.pravysmalt.cz\/wp-content\/uploads\/2022\/08\/1924poster.jpg\" class=\"kb-gallery-item-link\"   role=\"button\" aria-haspopup=\"dialog\"><div class=\"kb-gal-image-radius\" style=\"max-width:1000px;\"><div class=\"kb-gallery-image-contain kadence-blocks-gallery-intrinsic\" style=\"padding-bottom:74%;\"><img loading=\"lazy\" decoding=\"async\" src=\"https:\/\/www.pravysmalt.cz\/wp-content\/uploads\/2022\/08\/1924poster.jpg\" width=\"1000\" height=\"747\" alt=\"\" data-full-image=\"https:\/\/www.pravysmalt.cz\/wp-content\/uploads\/2022\/08\/1924poster.jpg\" data-light-image=\"https:\/\/www.pravysmalt.cz\/wp-content\/uploads\/2022\/08\/1924poster.jpg\" data-id=\"1325\" class=\"wp-image-1325\" srcset=\"https:\/\/www.pravysmalt.cz\/wp-content\/uploads\/2022\/08\/1924poster.jpg 1000w, https:\/\/www.pravysmalt.cz\/wp-content\/uploads\/2022\/08\/1924poster-300x224.jpg 300w, https:\/\/www.pravysmalt.cz\/wp-content\/uploads\/2022\/08\/1924poster-768x574.jpg 768w\" sizes=\"auto, (max-width: 1000px) 100vw, 1000px\" \/><\/div><\/div><\/a><\/figure><\/div><\/li><\/ul><\/div>","protected":false},"excerpt":{"rendered":"<p>Commemorative plaque Brno\u2013Sob\u011b\u0161ice 2022 The design used a motif from a poster by Eduard Mil\u00e9n for the year 1924. The plaque is made of copper and jewelry enamel, dimensions 80\u00d752 mm, price 3,500 CZK<\/p>","protected":false},"author":1,"featured_media":1328,"comment_status":"closed","ping_status":"closed","sticky":false,"template":"","format":"standard","meta":{"_kad_blocks_custom_css":"","_kad_blocks_head_custom_js":"","_kad_blocks_body_custom_js":"","_kad_blocks_footer_custom_js":"","_kad_post_transparent":"default","_kad_post_title":"default","_kad_post_layout":"default","_kad_post_sidebar_id":"","_kad_post_content_style":"default","_kad_post_vertical_padding":"default","_kad_post_feature":"","_kad_post_feature_position":"","_kad_post_header":false,"_kad_post_footer":false,"_kad_post_classname":"","footnotes":""},"categories":[108],"tags":[],"class_list":["post-1323","post","type-post","status-publish","format-standard","has-post-thumbnail","hentry","category-plakety"],"aioseo_notices":[],"aioseo_head":"\n\t\t<!-- All in One SEO 5.0.1.1 - aioseo.com -->\n\t<meta name=\"description\" content=\"Upom\u00ednkov\u00e1 plaketa Brno\u2013Sob\u011b\u0161ice 2022 K n\u00e1vrhu byl pou\u017eit motiv z plak\u00e1tu od Eduarda Mil\u00e9na na rok 1924. Plaketa je z m\u011bdi a \u0161perka\u0159sk\u00e9ho smaltu, rozm\u011br 80x52 mm, cena 3500 K\u010d\" \/>\n\t<meta name=\"robots\" content=\"max-image-preview:large\" \/>\n\t<meta name=\"author\" content=\"HujerRucka\"\/>\n\t<meta name=\"google-site-verification\" content=\"lJ-HXsYqf-P7vOZotOtf8UtEmv8CwZ5kbUP40sCnRBc\" \/>\n\t<link rel=\"canonical\" href=\"https:\/\/www.pravysmalt.cz\/en\/brno-sobesice-2022\/\" \/>\n\t<meta name=\"generator\" content=\"All in One SEO (AIOSEO) 5.0.1.1\" \/>\n\t\t<meta property=\"og:locale\" content=\"en_GB\" \/>\n\t\t<meta property=\"og:site_name\" content=\"Prav\u00fd smalt \u2013 smaltovan\u00e9 plakety, chladi\u010dov\u00e9 a klubov\u00e9 znaky\" \/>\n\t\t<meta property=\"og:type\" content=\"article\" \/>\n\t\t<meta property=\"og:title\" content=\"Brno\u2013Sob\u011b\u0161ice 2022 - Prav\u00fd smalt \u2013 smaltovan\u00e9 plakety, chladi\u010dov\u00e9 a klubov\u00e9 znaky\" \/>\n\t\t<meta property=\"og:description\" content=\"Upom\u00ednkov\u00e1 plaketa Brno\u2013Sob\u011b\u0161ice 2022 K n\u00e1vrhu byl pou\u017eit motiv z plak\u00e1tu od Eduarda Mil\u00e9na na rok 1924. Plaketa je z m\u011bdi a \u0161perka\u0159sk\u00e9ho smaltu, rozm\u011br 80x52 mm, cena 3500 K\u010d\" \/>\n\t\t<meta property=\"og:url\" content=\"https:\/\/www.pravysmalt.cz\/en\/brno-sobesice-2022\/\" \/>\n\t\t<meta property=\"og:image\" content=\"https:\/\/www.pravysmalt.cz\/wp-content\/uploads\/2022\/08\/003-scaled.jpg\" \/>\n\t\t<meta property=\"og:image:secure_url\" content=\"https:\/\/www.pravysmalt.cz\/wp-content\/uploads\/2022\/08\/003-scaled.jpg\" \/>\n\t\t<meta property=\"article:section\" content=\"Produkty\" \/>\n\t\t<meta property=\"article:published_time\" content=\"2022-08-30T07:59:08+00:00\" \/>\n\t\t<meta property=\"article:modified_time\" content=\"2025-01-23T14:42:50+00:00\" \/>\n\t\t<meta property=\"article:publisher\" content=\"https:\/\/www.facebook.com\/pravysmalt\" \/>\n\t\t<meta name=\"twitter:card\" content=\"summary_large_image\" \/>\n\t\t<meta name=\"twitter:title\" content=\"Brno\u2013Sob\u011b\u0161ice 2022 - Prav\u00fd smalt \u2013 smaltovan\u00e9 plakety, chladi\u010dov\u00e9 a klubov\u00e9 znaky\" \/>\n\t\t<meta name=\"twitter:description\" content=\"Upom\u00ednkov\u00e1 plaketa Brno\u2013Sob\u011b\u0161ice 2022 K n\u00e1vrhu byl pou\u017eit motiv z plak\u00e1tu od Eduarda Mil\u00e9na na rok 1924. Plaketa je z m\u011bdi a \u0161perka\u0159sk\u00e9ho smaltu, rozm\u011br 80x52 mm, cena 3500 K\u010d\" \/>\n\t\t<meta name=\"twitter:image\" content=\"https:\/\/www.pravysmalt.cz\/wp-content\/uploads\/2022\/08\/003-scaled.jpg\" \/>\n\t\t<meta name=\"twitter:label1\" content=\"Written by\" \/>\n\t\t<meta name=\"twitter:data1\" content=\"HujerRucka\" \/>\n\t\t<script type=\"application\/ld+json\" class=\"aioseo-schema\">\n\t\t\t{\"@context\":\"https:\\\/\\\/schema.org\",\"@graph\":[{\"@type\":\"Article\",\"@id\":\"https:\\\/\\\/www.pravysmalt.cz\\\/en\\\/brno-sobesice-2022\\\/#article\",\"name\":\"Brno\\u2013Sob\\u011b\\u0161ice 2022 - Prav\\u00fd smalt \\u2013 smaltovan\\u00e9 plakety, chladi\\u010dov\\u00e9 a klubov\\u00e9 znaky\",\"headline\":\"Brno\\u2013Sob\\u011b\\u0161ice 2022\",\"author\":{\"@id\":\"https:\\\/\\\/www.pravysmalt.cz\\\/en\\\/author\\\/hujerrucka\\\/#author\"},\"publisher\":{\"@id\":\"https:\\\/\\\/www.pravysmalt.cz\\\/en\\\/#organization\"},\"image\":{\"@type\":\"ImageObject\",\"url\":\"https:\\\/\\\/www.pravysmalt.cz\\\/wp-content\\\/uploads\\\/2022\\\/08\\\/003-scaled.jpg\",\"width\":2560,\"height\":1606,\"caption\":\"Brno\\u2013Sob\\u011b\\u0161ice 2022\"},\"datePublished\":\"2022-08-30T09:59:08+02:00\",\"dateModified\":\"2025-01-23T15:42:50+01:00\",\"inLanguage\":\"en-GB\",\"mainEntityOfPage\":{\"@id\":\"https:\\\/\\\/www.pravysmalt.cz\\\/en\\\/brno-sobesice-2022\\\/#webpage\"},\"isPartOf\":{\"@id\":\"https:\\\/\\\/www.pravysmalt.cz\\\/en\\\/brno-sobesice-2022\\\/#webpage\"},\"articleSection\":\"Plakety\"},{\"@type\":\"BreadcrumbList\",\"@id\":\"https:\\\/\\\/www.pravysmalt.cz\\\/en\\\/brno-sobesice-2022\\\/#breadcrumblist\",\"itemListElement\":[{\"@type\":\"ListItem\",\"@id\":\"https:\\\/\\\/www.pravysmalt.cz\\\/en#listItem\",\"position\":1,\"name\":\"Dom\\u016f\",\"item\":\"https:\\\/\\\/www.pravysmalt.cz\\\/en\",\"nextItem\":{\"@type\":\"ListItem\",\"@id\":\"https:\\\/\\\/www.pravysmalt.cz\\\/en\\\/category\\\/plakety\\\/#listItem\",\"name\":\"Plakety\"}},{\"@type\":\"ListItem\",\"@id\":\"https:\\\/\\\/www.pravysmalt.cz\\\/en\\\/category\\\/plakety\\\/#listItem\",\"position\":2,\"name\":\"Plakety\",\"item\":\"https:\\\/\\\/www.pravysmalt.cz\\\/en\\\/category\\\/plakety\\\/\",\"nextItem\":{\"@type\":\"ListItem\",\"@id\":\"https:\\\/\\\/www.pravysmalt.cz\\\/en\\\/brno-sobesice-2022\\\/#listItem\",\"name\":\"Brno\\u2013Sob\\u011b\\u0161ice 2022\"},\"previousItem\":{\"@type\":\"ListItem\",\"@id\":\"https:\\\/\\\/www.pravysmalt.cz\\\/en#listItem\",\"name\":\"Dom\\u016f\"}},{\"@type\":\"ListItem\",\"@id\":\"https:\\\/\\\/www.pravysmalt.cz\\\/en\\\/brno-sobesice-2022\\\/#listItem\",\"position\":3,\"name\":\"Brno\\u2013Sob\\u011b\\u0161ice 2022\",\"previousItem\":{\"@type\":\"ListItem\",\"@id\":\"https:\\\/\\\/www.pravysmalt.cz\\\/en\\\/category\\\/plakety\\\/#listItem\",\"name\":\"Plakety\"}}]},{\"@type\":\"Organization\",\"@id\":\"https:\\\/\\\/www.pravysmalt.cz\\\/en\\\/#organization\",\"name\":\"Prav\\u00fd smalt\",\"description\":\"Smalt \\u2022 Smaltovan\\u00e9 v\\u00fdrobky taven\\u00e9 v peci p\\u0159i teplot\\u00e1ch kolem 800 \\u00b0C. Plakety \\u2022 chladi\\u010dov\\u00e9 znaky \\u2022 klubov\\u00e9 znaky \\u2022 odznaky \\u2022 plaques \\u2022 cooler badges \\u2022 club badges \\u2022 badges\",\"url\":\"https:\\\/\\\/www.pravysmalt.cz\\\/en\\\/\",\"logo\":{\"@type\":\"ImageObject\",\"url\":\"https:\\\/\\\/pravysmalt.cz\\\/wp-content\\\/uploads\\\/2021\\\/09\\\/pravysmaltlogo.gif\",\"@id\":\"https:\\\/\\\/www.pravysmalt.cz\\\/en\\\/brno-sobesice-2022\\\/#organizationLogo\"},\"image\":{\"@id\":\"https:\\\/\\\/www.pravysmalt.cz\\\/en\\\/brno-sobesice-2022\\\/#organizationLogo\"},\"sameAs\":[\"https:\\\/\\\/www.facebook.com\\\/pravysmalt\"]},{\"@type\":\"Person\",\"@id\":\"https:\\\/\\\/www.pravysmalt.cz\\\/en\\\/author\\\/hujerrucka\\\/#author\",\"url\":\"https:\\\/\\\/www.pravysmalt.cz\\\/en\\\/author\\\/hujerrucka\\\/\",\"name\":\"HujerRucka\"},{\"@type\":\"WebPage\",\"@id\":\"https:\\\/\\\/www.pravysmalt.cz\\\/en\\\/brno-sobesice-2022\\\/#webpage\",\"url\":\"https:\\\/\\\/www.pravysmalt.cz\\\/en\\\/brno-sobesice-2022\\\/\",\"name\":\"Brno\\u2013Sob\\u011b\\u0161ice 2022 - Prav\\u00fd smalt \\u2013 smaltovan\\u00e9 plakety, chladi\\u010dov\\u00e9 a klubov\\u00e9 znaky\",\"description\":\"Upom\\u00ednkov\\u00e1 plaketa Brno\\u2013Sob\\u011b\\u0161ice 2022 K n\\u00e1vrhu byl pou\\u017eit motiv z plak\\u00e1tu od Eduarda Mil\\u00e9na na rok 1924. Plaketa je z m\\u011bdi a \\u0161perka\\u0159sk\\u00e9ho smaltu, rozm\\u011br 80x52 mm, cena 3500 K\\u010d\",\"inLanguage\":\"en-GB\",\"isPartOf\":{\"@id\":\"https:\\\/\\\/www.pravysmalt.cz\\\/en\\\/#website\"},\"breadcrumb\":{\"@id\":\"https:\\\/\\\/www.pravysmalt.cz\\\/en\\\/brno-sobesice-2022\\\/#breadcrumblist\"},\"author\":{\"@id\":\"https:\\\/\\\/www.pravysmalt.cz\\\/en\\\/author\\\/hujerrucka\\\/#author\"},\"creator\":{\"@id\":\"https:\\\/\\\/www.pravysmalt.cz\\\/en\\\/author\\\/hujerrucka\\\/#author\"},\"image\":{\"@type\":\"ImageObject\",\"url\":\"https:\\\/\\\/www.pravysmalt.cz\\\/wp-content\\\/uploads\\\/2022\\\/08\\\/003-scaled.jpg\",\"@id\":\"https:\\\/\\\/www.pravysmalt.cz\\\/en\\\/brno-sobesice-2022\\\/#mainImage\",\"width\":2560,\"height\":1606,\"caption\":\"Brno\\u2013Sob\\u011b\\u0161ice 2022\"},\"primaryImageOfPage\":{\"@id\":\"https:\\\/\\\/www.pravysmalt.cz\\\/en\\\/brno-sobesice-2022\\\/#mainImage\"},\"datePublished\":\"2022-08-30T09:59:08+02:00\",\"dateModified\":\"2025-01-23T15:42:50+01:00\"},{\"@type\":\"WebSite\",\"@id\":\"https:\\\/\\\/www.pravysmalt.cz\\\/en\\\/#website\",\"url\":\"https:\\\/\\\/www.pravysmalt.cz\\\/en\\\/\",\"name\":\"Prav\\u00fd smalt \\u2013 smaltovan\\u00e9 plakety, chladi\\u010dov\\u00e9 a klubov\\u00e9 znaky\",\"description\":\"Smalt \\u2022 Smaltovan\\u00e9 v\\u00fdrobky taven\\u00e9 v peci p\\u0159i teplot\\u00e1ch kolem 800 \\u00b0C. Plakety \\u2022 chladi\\u010dov\\u00e9 znaky \\u2022 klubov\\u00e9 znaky \\u2022 odznaky \\u2022 plaques \\u2022 cooler badges \\u2022 club badges \\u2022 badges\",\"inLanguage\":\"en-GB\",\"publisher\":{\"@id\":\"https:\\\/\\\/www.pravysmalt.cz\\\/en\\\/#organization\"}}]}\n\t\t<\/script>\n\t\t<!-- All in One SEO -->\n\n","aioseo_head_json":{"title":"Brno\u2013Sob\u011b\u0161ice 2022 - Prav\u00fd smalt \u2013 smaltovan\u00e9 plakety, chladi\u010dov\u00e9 a klubov\u00e9 znaky","description":"Upom\u00ednkov\u00e1 plaketa Brno\u2013Sob\u011b\u0161ice 2022 K n\u00e1vrhu byl pou\u017eit motiv z plak\u00e1tu od Eduarda Mil\u00e9na na rok 1924. Plaketa je z m\u011bdi a \u0161perka\u0159sk\u00e9ho smaltu, rozm\u011br 80x52 mm, cena 3500 K\u010d","canonical_url":"https:\/\/www.pravysmalt.cz\/en\/brno-sobesice-2022\/","robots":"max-image-preview:large","keywords":"","webmasterTools":{"google-site-verification":"lJ-HXsYqf-P7vOZotOtf8UtEmv8CwZ5kbUP40sCnRBc","miscellaneous":""},"schema":{"@context":"https:\/\/schema.org","@graph":[{"@type":"Article","@id":"https:\/\/www.pravysmalt.cz\/en\/brno-sobesice-2022\/#article","name":"Brno\u2013Sob\u011b\u0161ice 2022 - Prav\u00fd smalt \u2013 smaltovan\u00e9 plakety, chladi\u010dov\u00e9 a klubov\u00e9 znaky","headline":"Brno\u2013Sob\u011b\u0161ice 2022","author":{"@id":"https:\/\/www.pravysmalt.cz\/en\/author\/hujerrucka\/#author"},"publisher":{"@id":"https:\/\/www.pravysmalt.cz\/en\/#organization"},"image":{"@type":"ImageObject","url":"https:\/\/www.pravysmalt.cz\/wp-content\/uploads\/2022\/08\/003-scaled.jpg","width":2560,"height":1606,"caption":"Brno\u2013Sob\u011b\u0161ice 2022"},"datePublished":"2022-08-30T09:59:08+02:00","dateModified":"2025-01-23T15:42:50+01:00","inLanguage":"en-GB","mainEntityOfPage":{"@id":"https:\/\/www.pravysmalt.cz\/en\/brno-sobesice-2022\/#webpage"},"isPartOf":{"@id":"https:\/\/www.pravysmalt.cz\/en\/brno-sobesice-2022\/#webpage"},"articleSection":"Plakety"},{"@type":"BreadcrumbList","@id":"https:\/\/www.pravysmalt.cz\/en\/brno-sobesice-2022\/#breadcrumblist","itemListElement":[{"@type":"ListItem","@id":"https:\/\/www.pravysmalt.cz\/en#listItem","position":1,"name":"Dom\u016f","item":"https:\/\/www.pravysmalt.cz\/en","nextItem":{"@type":"ListItem","@id":"https:\/\/www.pravysmalt.cz\/en\/category\/plakety\/#listItem","name":"Plakety"}},{"@type":"ListItem","@id":"https:\/\/www.pravysmalt.cz\/en\/category\/plakety\/#listItem","position":2,"name":"Plakety","item":"https:\/\/www.pravysmalt.cz\/en\/category\/plakety\/","nextItem":{"@type":"ListItem","@id":"https:\/\/www.pravysmalt.cz\/en\/brno-sobesice-2022\/#listItem","name":"Brno\u2013Sob\u011b\u0161ice 2022"},"previousItem":{"@type":"ListItem","@id":"https:\/\/www.pravysmalt.cz\/en#listItem","name":"Dom\u016f"}},{"@type":"ListItem","@id":"https:\/\/www.pravysmalt.cz\/en\/brno-sobesice-2022\/#listItem","position":3,"name":"Brno\u2013Sob\u011b\u0161ice 2022","previousItem":{"@type":"ListItem","@id":"https:\/\/www.pravysmalt.cz\/en\/category\/plakety\/#listItem","name":"Plakety"}}]},{"@type":"Organization","@id":"https:\/\/www.pravysmalt.cz\/en\/#organization","name":"Prav\u00fd smalt","description":"Smalt \u2022 Smaltovan\u00e9 v\u00fdrobky taven\u00e9 v peci p\u0159i teplot\u00e1ch kolem 800 \u00b0C. Plakety \u2022 chladi\u010dov\u00e9 znaky \u2022 klubov\u00e9 znaky \u2022 odznaky \u2022 plaques \u2022 cooler badges \u2022 club badges \u2022 badges","url":"https:\/\/www.pravysmalt.cz\/en\/","logo":{"@type":"ImageObject","url":"https:\/\/pravysmalt.cz\/wp-content\/uploads\/2021\/09\/pravysmaltlogo.gif","@id":"https:\/\/www.pravysmalt.cz\/en\/brno-sobesice-2022\/#organizationLogo"},"image":{"@id":"https:\/\/www.pravysmalt.cz\/en\/brno-sobesice-2022\/#organizationLogo"},"sameAs":["https:\/\/www.facebook.com\/pravysmalt"]},{"@type":"Person","@id":"https:\/\/www.pravysmalt.cz\/en\/author\/hujerrucka\/#author","url":"https:\/\/www.pravysmalt.cz\/en\/author\/hujerrucka\/","name":"HujerRucka"},{"@type":"WebPage","@id":"https:\/\/www.pravysmalt.cz\/en\/brno-sobesice-2022\/#webpage","url":"https:\/\/www.pravysmalt.cz\/en\/brno-sobesice-2022\/","name":"Brno\u2013Sob\u011b\u0161ice 2022 - Prav\u00fd smalt \u2013 smaltovan\u00e9 plakety, chladi\u010dov\u00e9 a klubov\u00e9 znaky","description":"Upom\u00ednkov\u00e1 plaketa Brno\u2013Sob\u011b\u0161ice 2022 K n\u00e1vrhu byl pou\u017eit motiv z plak\u00e1tu od Eduarda Mil\u00e9na na rok 1924. Plaketa je z m\u011bdi a \u0161perka\u0159sk\u00e9ho smaltu, rozm\u011br 80x52 mm, cena 3500 K\u010d","inLanguage":"en-GB","isPartOf":{"@id":"https:\/\/www.pravysmalt.cz\/en\/#website"},"breadcrumb":{"@id":"https:\/\/www.pravysmalt.cz\/en\/brno-sobesice-2022\/#breadcrumblist"},"author":{"@id":"https:\/\/www.pravysmalt.cz\/en\/author\/hujerrucka\/#author"},"creator":{"@id":"https:\/\/www.pravysmalt.cz\/en\/author\/hujerrucka\/#author"},"image":{"@type":"ImageObject","url":"https:\/\/www.pravysmalt.cz\/wp-content\/uploads\/2022\/08\/003-scaled.jpg","@id":"https:\/\/www.pravysmalt.cz\/en\/brno-sobesice-2022\/#mainImage","width":2560,"height":1606,"caption":"Brno\u2013Sob\u011b\u0161ice 2022"},"primaryImageOfPage":{"@id":"https:\/\/www.pravysmalt.cz\/en\/brno-sobesice-2022\/#mainImage"},"datePublished":"2022-08-30T09:59:08+02:00","dateModified":"2025-01-23T15:42:50+01:00"},{"@type":"WebSite","@id":"https:\/\/www.pravysmalt.cz\/en\/#website","url":"https:\/\/www.pravysmalt.cz\/en\/","name":"Prav\u00fd smalt \u2013 smaltovan\u00e9 plakety, chladi\u010dov\u00e9 a klubov\u00e9 znaky","description":"Smalt \u2022 Smaltovan\u00e9 v\u00fdrobky taven\u00e9 v peci p\u0159i teplot\u00e1ch kolem 800 \u00b0C. Plakety \u2022 chladi\u010dov\u00e9 znaky \u2022 klubov\u00e9 znaky \u2022 odznaky \u2022 plaques \u2022 cooler badges \u2022 club badges \u2022 badges","inLanguage":"en-GB","publisher":{"@id":"https:\/\/www.pravysmalt.cz\/en\/#organization"}}]},"og:locale":"en_GB","og:site_name":"Prav\u00fd smalt \u2013 smaltovan\u00e9 plakety, chladi\u010dov\u00e9 a klubov\u00e9 znaky","og:type":"article","og:title":"Brno\u2013Sob\u011b\u0161ice 2022 - Prav\u00fd smalt \u2013 smaltovan\u00e9 plakety, chladi\u010dov\u00e9 a klubov\u00e9 znaky","og:description":"Upom\u00ednkov\u00e1 plaketa Brno\u2013Sob\u011b\u0161ice 2022 K n\u00e1vrhu byl pou\u017eit motiv z plak\u00e1tu od Eduarda Mil\u00e9na na rok 1924. Plaketa je z m\u011bdi a \u0161perka\u0159sk\u00e9ho smaltu, rozm\u011br 80x52 mm, cena 3500 K\u010d","og:url":"https:\/\/www.pravysmalt.cz\/en\/brno-sobesice-2022\/","og:image":"https:\/\/www.pravysmalt.cz\/wp-content\/uploads\/2022\/08\/003-scaled.jpg","og:image:secure_url":"https:\/\/www.pravysmalt.cz\/wp-content\/uploads\/2022\/08\/003-scaled.jpg","article:section":"Produkty","article:published_time":"2022-08-30T07:59:08+00:00","article:modified_time":"2025-01-23T14:42:50+00:00","article:publisher":"https:\/\/www.facebook.com\/pravysmalt","twitter:card":"summary_large_image","twitter:title":"Brno\u2013Sob\u011b\u0161ice 2022 - Prav\u00fd smalt \u2013 smaltovan\u00e9 plakety, chladi\u010dov\u00e9 a klubov\u00e9 znaky","twitter:description":"Upom\u00ednkov\u00e1 plaketa Brno\u2013Sob\u011b\u0161ice 2022 K n\u00e1vrhu byl pou\u017eit motiv z plak\u00e1tu od Eduarda Mil\u00e9na na rok 1924. Plaketa je z m\u011bdi a \u0161perka\u0159sk\u00e9ho smaltu, rozm\u011br 80x52 mm, cena 3500 K\u010d","twitter:image":"https:\/\/www.pravysmalt.cz\/wp-content\/uploads\/2022\/08\/003-scaled.jpg","twitter:label1":"Written by","twitter:data1":"HujerRucka"},"aioseo_meta_data":{"post_id":"1323","title":null,"description":null,"keywords":null,"keyphrases":{"focus":[],"additional":[]},"primary_term":null,"canonical_url":null,"og_title":null,"og_description":null,"og_object_type":"default","og_image_type":"featured","og_image_url":"https:\/\/www.pravysmalt.cz\/wp-content\/uploads\/2022\/08\/003-scaled.jpg","og_image_width":"0","og_image_height":"0","og_image_custom_url":null,"og_image_custom_fields":null,"og_video":"","og_custom_url":null,"og_article_section":"Produkty","og_article_tags":null,"twitter_use_og":true,"twitter_card":"default","twitter_image_type":"default","twitter_image_url":null,"twitter_image_custom_url":null,"twitter_image_custom_fields":null,"twitter_title":null,"twitter_description":null,"schema":{"blockGraphs":[],"customGraphs":[],"default":{"data":{"Article":[],"Course":[],"Dataset":[],"FAQPage":[],"Movie":[],"Person":[],"Product":[],"ProductReview":[],"Car":[],"Recipe":[],"Service":[],"SoftwareApplication":[],"WebPage":[]},"graphName":"","isEnabled":true},"graphs":[]},"schema_type":"default","schema_type_options":null,"pillar_content":false,"robots_default":true,"robots_noindex":false,"robots_noarchive":false,"robots_nosnippet":false,"robots_nofollow":false,"robots_noimageindex":false,"robots_noodp":false,"robots_notranslate":false,"robots_max_snippet":"-1","robots_max_videopreview":"-1","robots_max_imagepreview":"large","priority":null,"frequency":"default","local_seo":null,"breadcrumb_settings":null,"limit_modified_date":false,"ai":null,"created":"2023-03-29 13:54:47","updated":"2026-08-31 10:00:38","focus_keyword":null,"additional_keywords":null,"truseo_locale":null,"seo_analyzer_scan_date":null},"aioseo_breadcrumb":"<div class=\"aioseo-breadcrumbs\"><span class=\"aioseo-breadcrumb\">\n\t\t\t<a href=\"https:\/\/www.pravysmalt.cz\/en\" title=\"Dom\u016f\">Dom\u016f<\/a>\n\t\t<\/span><span class=\"aioseo-breadcrumb-separator\">&raquo;<\/span><span class=\"aioseo-breadcrumb\">\n\t\t\t<a href=\"https:\/\/www.pravysmalt.cz\/en\/category\/plakety\/\" title=\"Plakety\">Plakety<\/a>\n\t\t<\/span><span class=\"aioseo-breadcrumb-separator\">&raquo;<\/span><span class=\"aioseo-breadcrumb\">\n\t\t\tBrno\u2013Sob\u011b\u0161ice 2022\n\t\t<\/span><\/div>","aioseo_breadcrumb_json":[{"label":"Dom\u016f","link":"https:\/\/www.pravysmalt.cz\/en"},{"label":"Plakety","link":"https:\/\/www.pravysmalt.cz\/en\/category\/plakety\/"},{"label":"Brno\u2013Sob\u011b\u0161ice 2022","link":"https:\/\/www.pravysmalt.cz\/en\/brno-sobesice-2022\/"}],"taxonomy_info":{"category":[{"value":108,"label":"Plakety"}]},"featured_image_src_large":["https:\/\/www.pravysmalt.cz\/wp-content\/uploads\/2022\/08\/003-1024x642.jpg",1024,642,true],"author_info":{"display_name":"HujerRucka","author_link":"https:\/\/www.pravysmalt.cz\/en\/author\/hujerrucka\/"},"comment_info":0,"category_info":[{"term_id":108,"name":"Plakety","slug":"plakety","term_group":0,"term_taxonomy_id":108,"taxonomy":"category","description":"","parent":0,"count":8,"filter":"raw","cat_ID":108,"category_count":8,"category_description":"","cat_name":"Plakety","category_nicename":"plakety","category_parent":0}],"tag_info":false,"_links":{"self":[{"href":"https:\/\/www.pravysmalt.cz\/en\/wp-json\/wp\/v2\/posts\/1323","targetHints":{"allow":["GET"]}}],"collection":[{"href":"https:\/\/www.pravysmalt.cz\/en\/wp-json\/wp\/v2\/posts"}],"about":[{"href":"https:\/\/www.pravysmalt.cz\/en\/wp-json\/wp\/v2\/types\/post"}],"author":[{"embeddable":true,"href":"https:\/\/www.pravysmalt.cz\/en\/wp-json\/wp\/v2\/users\/1"}],"replies":[{"embeddable":true,"href":"https:\/\/www.pravysmalt.cz\/en\/wp-json\/wp\/v2\/comments?post=1323"}],"version-history":[{"count":0,"href":"https:\/\/www.pravysmalt.cz\/en\/wp-json\/wp\/v2\/posts\/1323\/revisions"}],"wp:featuredmedia":[{"embeddable":true,"href":"https:\/\/www.pravysmalt.cz\/en\/wp-json\/wp\/v2\/media\/1328"}],"wp:attachment":[{"href":"https:\/\/www.pravysmalt.cz\/en\/wp-json\/wp\/v2\/media?parent=1323"}],"wp:term":[{"taxonomy":"category","embeddable":true,"href":"https:\/\/www.pravysmalt.cz\/en\/wp-json\/wp\/v2\/categories?post=1323"},{"taxonomy":"post_tag","embeddable":true,"href":"https:\/\/www.pravysmalt.cz\/en\/wp-json\/wp\/v2\/tags?post=1323"}],"curies":[{"name":"wp","href":"https:\/\/api.w.org\/{rel}","templated":true}]}}