{"id":1446,"date":"2023-09-01T17:11:00","date_gmt":"2023-09-01T15:11:00","guid":{"rendered":"https:\/\/www.pravysmalt.cz\/?p=1446"},"modified":"2025-01-23T15:18:36","modified_gmt":"2025-01-23T14:18:36","slug":"brno-sobesice-2023","status":"publish","type":"post","link":"https:\/\/www.pravysmalt.cz\/en\/brno-sobesice-2023\/","title":{"rendered":"Brno\u2013Sobesice 2023"},"content":{"rendered":"<div class=\"wp-block-columns is-layout-flex wp-container-core-columns-is-layout-8f761849 wp-block-columns-is-layout-flex\">\n<div class=\"wp-block-column is-layout-flow wp-block-column-is-layout-flow\"><style>.wp-block-kadence-advancedgallery .kb-gallery-type-masonry.kb-gallery-id-1446_33cfff-c8{margin:-5px;}.kb-gallery-type-masonry.kb-gallery-id-1446_33cfff-c8 .kadence-blocks-gallery-item{padding:5px;}.kb-gallery-id-1446_33cfff-c8 .kadence-blocks-gallery-item .kb-gal-image-radius, .kb-gallery-id-1446_33cfff-c8 .kb-slide-item .kb-gal-image-radius img{border-radius:0px 0px 0px 0px;;}<\/style><div class=\"kb-gallery-wrap-id-1446_33cfff-c8 alignnone wp-block-kadence-advancedgallery\"><ul class=\"kb-gallery-ul kb-gallery-non-static kb-gallery-type-masonry kb-masonry-init kb-gallery-id-1446_33cfff-c8 kb-gallery-caption-style-bottom-hover kb-gallery-filter-none\" data-image-filter=\"none\" data-item-selector=\".kadence-blocks-gallery-item\" data-lightbox-caption=\"true\" data-columns-xxl=\"1\" data-columns-xl=\"1\" data-columns-md=\"1\" data-columns-sm=\"1\" data-columns-xs=\"1\" data-columns-ss=\"1\"><li class=\"kadence-blocks-gallery-item\" tabindex=\"0\"><div class=\"kadence-blocks-gallery-item-inner\"><figure class=\"kb-gallery-figure kadence-blocks-gallery-item-hide-caption\"><div class=\"kb-gal-image-radius\" style=\"max-width:1024px;\"><div class=\"kb-gallery-image-contain kadence-blocks-gallery-intrinsic\" style=\"padding-bottom:70%;\"><img loading=\"lazy\" decoding=\"async\" src=\"https:\/\/www.pravysmalt.cz\/wp-content\/uploads\/2023\/09\/plaketa-IMG_1065-1024x725.jpg\" width=\"1024\" height=\"725\" alt=\"\" data-full-image=\"https:\/\/www.pravysmalt.cz\/wp-content\/uploads\/2023\/09\/plaketa-IMG_1065.jpg\" data-light-image=\"https:\/\/www.pravysmalt.cz\/wp-content\/uploads\/2023\/09\/plaketa-IMG_1065.jpg\" data-id=\"1447\" class=\"wp-image-1447\"\/><\/div><\/div><\/figure><\/div><\/li><\/ul><\/div><\/div>\n\n\n\n<div class=\"wp-block-column is-layout-flow wp-block-column-is-layout-flow\">\n<h1>Commemorative plaque <a href=\"https:\/\/www.veteranbrno.cz\/brno-sobesice\/brno-sobesice-2023\/\" target=\"_blank\" rel=\"noopener\">Brno\u2013Sobesice 2023<\/a><\/h1>\n<p>N\u00e1vrh vytvo\u0159il medailista a&nbsp;motocyklov\u00fd z\u00e1vodn\u00edk Martin Da\u0161ek.\u00a0<br \/>Plaketa je z&nbsp;m\u011bdi a&nbsp;\u0161perka\u0159sk\u00e9ho smaltu, rozm\u011br 80&#215;52 mm, cena 3500&nbsp;K\u010d<\/p>\n<\/div>\n<\/div>\n\n\n<style>.wp-block-kadence-advancedbtn.kb-btns1446_b86528-b5{gap:var(--global-kb-gap-xs, 0.5rem );justify-content:center;align-items:center;}.kt-btns1446_b86528-b5 .kt-button{font-weight:normal;font-style:normal;}.kt-btns1446_b86528-b5 .kt-btn-wrap-0{margin-right:5px;}.wp-block-kadence-advancedbtn.kt-btns1446_b86528-b5 .kt-btn-wrap-0 .kt-button{color:#555555;border-color:#555555;}.wp-block-kadence-advancedbtn.kt-btns1446_b86528-b5 .kt-btn-wrap-0 .kt-button:hover, .wp-block-kadence-advancedbtn.kt-btns1446_b86528-b5 .kt-btn-wrap-0 .kt-button:focus{color:#ffffff;border-color:#444444;}.wp-block-kadence-advancedbtn.kt-btns1446_b86528-b5 .kt-btn-wrap-0 .kt-button::before{display:none;}.wp-block-kadence-advancedbtn.kt-btns1446_b86528-b5 .kt-btn-wrap-0 .kt-button:hover, .wp-block-kadence-advancedbtn.kt-btns1446_b86528-b5 .kt-btn-wrap-0 .kt-button:focus{background:#444444;}<\/style>\n<div class=\"wp-block-kadence-advancedbtn kb-buttons-wrap kb-btns1446_b86528-b5\"><style>ul.menu .wp-block-kadence-advancedbtn .kb-btn1446_cf00c9-b2.kb-button{width:initial;}<\/style><a class=\"kb-button kt-button button kb-btn1446_cf00c9-b2 kt-btn-size-standard kt-btn-width-type-auto kb-btn-global-fill kt-btn-has-text-true kt-btn-has-svg-false wp-block-kadence-singlebtn\" href=\"https:\/\/www.veteranbrno.cz\/brno-sobesice\/brno-sobesice-2023\/\" target=\"_blank\" rel=\"noreferrer noopener\"><span class=\"kt-btn-inner-text\">Brno\u2013Sobesice 2023<\/span><\/a><\/div>","protected":false},"excerpt":{"rendered":"<p>Commemorative plaque Brno\u2013Sob\u011b\u0161ice 2023 The design was created by medalist and motorcycle racer Martin Da\u0161ek. The plaque is made of copper and jewelry enamel, dimensions 80\u00d752 mm, price 3500 CZK<\/p>","protected":false},"author":1,"featured_media":1447,"comment_status":"closed","ping_status":"closed","sticky":false,"template":"","format":"standard","meta":{"_kad_blocks_custom_css":"","_kad_blocks_head_custom_js":"","_kad_blocks_body_custom_js":"","_kad_blocks_footer_custom_js":"","_kad_post_transparent":"default","_kad_post_title":"default","_kad_post_layout":"default","_kad_post_sidebar_id":"","_kad_post_content_style":"default","_kad_post_vertical_padding":"default","_kad_post_feature":"","_kad_post_feature_position":"","_kad_post_header":false,"_kad_post_footer":false,"_kad_post_classname":"","footnotes":""},"categories":[108],"tags":[],"class_list":["post-1446","post","type-post","status-publish","format-standard","has-post-thumbnail","hentry","category-plakety"],"aioseo_notices":[],"aioseo_head":"\n\t\t<!-- All in One SEO 5.0.1.1 - aioseo.com -->\n\t<meta name=\"description\" content=\"Upom\u00ednkov\u00e1 plaketa Brno\u2013Sob\u011b\u0161ice 2023 N\u00e1vrh vytvo\u0159il medailista a motocyklov\u00fd z\u00e1vodn\u00edk Martin Da\u0161ek. Plaketa je z m\u011bdi a \u0161perka\u0159sk\u00e9ho smaltu, rozm\u011br 80x52 mm, cena 3500 K\u010d\" \/>\n\t<meta name=\"robots\" content=\"max-image-preview:large\" \/>\n\t<meta name=\"author\" content=\"HujerRucka\"\/>\n\t<meta name=\"google-site-verification\" content=\"lJ-HXsYqf-P7vOZotOtf8UtEmv8CwZ5kbUP40sCnRBc\" \/>\n\t<link rel=\"canonical\" href=\"https:\/\/www.pravysmalt.cz\/en\/brno-sobesice-2023\/\" \/>\n\t<meta name=\"generator\" content=\"All in One SEO (AIOSEO) 5.0.1.1\" \/>\n\t\t<meta property=\"og:locale\" content=\"en_GB\" \/>\n\t\t<meta property=\"og:site_name\" content=\"Prav\u00fd smalt \u2013 smaltovan\u00e9 plakety, chladi\u010dov\u00e9 a klubov\u00e9 znaky\" \/>\n\t\t<meta property=\"og:type\" content=\"article\" \/>\n\t\t<meta property=\"og:title\" content=\"Brno\u2013Sob\u011b\u0161ice 2023 - Prav\u00fd smalt \u2013 smaltovan\u00e9 plakety, chladi\u010dov\u00e9 a klubov\u00e9 znaky\" \/>\n\t\t<meta property=\"og:description\" content=\"Upom\u00ednkov\u00e1 plaketa Brno\u2013Sob\u011b\u0161ice 2023 N\u00e1vrh vytvo\u0159il medailista a motocyklov\u00fd z\u00e1vodn\u00edk Martin Da\u0161ek. Plaketa je z m\u011bdi a \u0161perka\u0159sk\u00e9ho smaltu, rozm\u011br 80x52 mm, cena 3500 K\u010d\" \/>\n\t\t<meta property=\"og:url\" content=\"https:\/\/www.pravysmalt.cz\/en\/brno-sobesice-2023\/\" \/>\n\t\t<meta property=\"og:image\" content=\"https:\/\/www.pravysmalt.cz\/wp-content\/uploads\/2023\/09\/plaketa-IMG_1065-e1693581045993.jpg\" \/>\n\t\t<meta property=\"og:image:secure_url\" content=\"https:\/\/www.pravysmalt.cz\/wp-content\/uploads\/2023\/09\/plaketa-IMG_1065-e1693581045993.jpg\" \/>\n\t\t<meta property=\"article:published_time\" content=\"2023-09-01T15:11:00+00:00\" \/>\n\t\t<meta property=\"article:modified_time\" content=\"2025-01-23T14:18:36+00:00\" \/>\n\t\t<meta property=\"article:publisher\" content=\"https:\/\/www.facebook.com\/pravysmalt\" \/>\n\t\t<meta name=\"twitter:card\" content=\"summary_large_image\" \/>\n\t\t<meta name=\"twitter:title\" content=\"Brno\u2013Sob\u011b\u0161ice 2023 - Prav\u00fd smalt \u2013 smaltovan\u00e9 plakety, chladi\u010dov\u00e9 a klubov\u00e9 znaky\" \/>\n\t\t<meta name=\"twitter:description\" content=\"Upom\u00ednkov\u00e1 plaketa Brno\u2013Sob\u011b\u0161ice 2023 N\u00e1vrh vytvo\u0159il medailista a motocyklov\u00fd z\u00e1vodn\u00edk Martin Da\u0161ek. Plaketa je z m\u011bdi a \u0161perka\u0159sk\u00e9ho smaltu, rozm\u011br 80x52 mm, cena 3500 K\u010d\" \/>\n\t\t<meta name=\"twitter:image\" content=\"https:\/\/www.pravysmalt.cz\/wp-content\/uploads\/2023\/09\/plaketa-IMG_1065-e1693581045993.jpg\" \/>\n\t\t<meta name=\"twitter:label1\" content=\"Written by\" \/>\n\t\t<meta name=\"twitter:data1\" content=\"HujerRucka\" \/>\n\t\t<script type=\"application\/ld+json\" class=\"aioseo-schema\">\n\t\t\t{\"@context\":\"https:\\\/\\\/schema.org\",\"@graph\":[{\"@type\":\"Article\",\"@id\":\"https:\\\/\\\/www.pravysmalt.cz\\\/en\\\/brno-sobesice-2023\\\/#article\",\"name\":\"Brno\\u2013Sob\\u011b\\u0161ice 2023 - Prav\\u00fd smalt \\u2013 smaltovan\\u00e9 plakety, chladi\\u010dov\\u00e9 a klubov\\u00e9 znaky\",\"headline\":\"Brno\\u2013Sob\\u011b\\u0161ice 2023\",\"author\":{\"@id\":\"https:\\\/\\\/www.pravysmalt.cz\\\/en\\\/author\\\/hujerrucka\\\/#author\"},\"publisher\":{\"@id\":\"https:\\\/\\\/www.pravysmalt.cz\\\/en\\\/#organization\"},\"image\":{\"@type\":\"ImageObject\",\"url\":\"https:\\\/\\\/www.pravysmalt.cz\\\/wp-content\\\/uploads\\\/2023\\\/09\\\/plaketa-IMG_1065-e1693581045993.jpg\",\"width\":1280,\"height\":906},\"datePublished\":\"2023-09-01T17:11:00+02:00\",\"dateModified\":\"2025-01-23T15:18:36+01:00\",\"inLanguage\":\"en-GB\",\"mainEntityOfPage\":{\"@id\":\"https:\\\/\\\/www.pravysmalt.cz\\\/en\\\/brno-sobesice-2023\\\/#webpage\"},\"isPartOf\":{\"@id\":\"https:\\\/\\\/www.pravysmalt.cz\\\/en\\\/brno-sobesice-2023\\\/#webpage\"},\"articleSection\":\"Plakety\"},{\"@type\":\"BreadcrumbList\",\"@id\":\"https:\\\/\\\/www.pravysmalt.cz\\\/en\\\/brno-sobesice-2023\\\/#breadcrumblist\",\"itemListElement\":[{\"@type\":\"ListItem\",\"@id\":\"https:\\\/\\\/www.pravysmalt.cz\\\/en#listItem\",\"position\":1,\"name\":\"Dom\\u016f\",\"item\":\"https:\\\/\\\/www.pravysmalt.cz\\\/en\",\"nextItem\":{\"@type\":\"ListItem\",\"@id\":\"https:\\\/\\\/www.pravysmalt.cz\\\/en\\\/category\\\/plakety\\\/#listItem\",\"name\":\"Plakety\"}},{\"@type\":\"ListItem\",\"@id\":\"https:\\\/\\\/www.pravysmalt.cz\\\/en\\\/category\\\/plakety\\\/#listItem\",\"position\":2,\"name\":\"Plakety\",\"item\":\"https:\\\/\\\/www.pravysmalt.cz\\\/en\\\/category\\\/plakety\\\/\",\"nextItem\":{\"@type\":\"ListItem\",\"@id\":\"https:\\\/\\\/www.pravysmalt.cz\\\/en\\\/brno-sobesice-2023\\\/#listItem\",\"name\":\"Brno\\u2013Sob\\u011b\\u0161ice 2023\"},\"previousItem\":{\"@type\":\"ListItem\",\"@id\":\"https:\\\/\\\/www.pravysmalt.cz\\\/en#listItem\",\"name\":\"Dom\\u016f\"}},{\"@type\":\"ListItem\",\"@id\":\"https:\\\/\\\/www.pravysmalt.cz\\\/en\\\/brno-sobesice-2023\\\/#listItem\",\"position\":3,\"name\":\"Brno\\u2013Sob\\u011b\\u0161ice 2023\",\"previousItem\":{\"@type\":\"ListItem\",\"@id\":\"https:\\\/\\\/www.pravysmalt.cz\\\/en\\\/category\\\/plakety\\\/#listItem\",\"name\":\"Plakety\"}}]},{\"@type\":\"Organization\",\"@id\":\"https:\\\/\\\/www.pravysmalt.cz\\\/en\\\/#organization\",\"name\":\"Prav\\u00fd smalt\",\"description\":\"Smalt \\u2022 Smaltovan\\u00e9 v\\u00fdrobky taven\\u00e9 v peci p\\u0159i teplot\\u00e1ch kolem 800 \\u00b0C. Plakety \\u2022 chladi\\u010dov\\u00e9 znaky \\u2022 klubov\\u00e9 znaky \\u2022 odznaky \\u2022 plaques \\u2022 cooler badges \\u2022 club badges \\u2022 badges\",\"url\":\"https:\\\/\\\/www.pravysmalt.cz\\\/en\\\/\",\"logo\":{\"@type\":\"ImageObject\",\"url\":\"https:\\\/\\\/pravysmalt.cz\\\/wp-content\\\/uploads\\\/2021\\\/09\\\/pravysmaltlogo.gif\",\"@id\":\"https:\\\/\\\/www.pravysmalt.cz\\\/en\\\/brno-sobesice-2023\\\/#organizationLogo\"},\"image\":{\"@id\":\"https:\\\/\\\/www.pravysmalt.cz\\\/en\\\/brno-sobesice-2023\\\/#organizationLogo\"},\"sameAs\":[\"https:\\\/\\\/www.facebook.com\\\/pravysmalt\"]},{\"@type\":\"Person\",\"@id\":\"https:\\\/\\\/www.pravysmalt.cz\\\/en\\\/author\\\/hujerrucka\\\/#author\",\"url\":\"https:\\\/\\\/www.pravysmalt.cz\\\/en\\\/author\\\/hujerrucka\\\/\",\"name\":\"HujerRucka\"},{\"@type\":\"WebPage\",\"@id\":\"https:\\\/\\\/www.pravysmalt.cz\\\/en\\\/brno-sobesice-2023\\\/#webpage\",\"url\":\"https:\\\/\\\/www.pravysmalt.cz\\\/en\\\/brno-sobesice-2023\\\/\",\"name\":\"Brno\\u2013Sob\\u011b\\u0161ice 2023 - Prav\\u00fd smalt \\u2013 smaltovan\\u00e9 plakety, chladi\\u010dov\\u00e9 a klubov\\u00e9 znaky\",\"description\":\"Upom\\u00ednkov\\u00e1 plaketa Brno\\u2013Sob\\u011b\\u0161ice 2023 N\\u00e1vrh vytvo\\u0159il medailista a motocyklov\\u00fd z\\u00e1vodn\\u00edk Martin Da\\u0161ek. Plaketa je z m\\u011bdi a \\u0161perka\\u0159sk\\u00e9ho smaltu, rozm\\u011br 80x52 mm, cena 3500 K\\u010d\",\"inLanguage\":\"en-GB\",\"isPartOf\":{\"@id\":\"https:\\\/\\\/www.pravysmalt.cz\\\/en\\\/#website\"},\"breadcrumb\":{\"@id\":\"https:\\\/\\\/www.pravysmalt.cz\\\/en\\\/brno-sobesice-2023\\\/#breadcrumblist\"},\"author\":{\"@id\":\"https:\\\/\\\/www.pravysmalt.cz\\\/en\\\/author\\\/hujerrucka\\\/#author\"},\"creator\":{\"@id\":\"https:\\\/\\\/www.pravysmalt.cz\\\/en\\\/author\\\/hujerrucka\\\/#author\"},\"image\":{\"@type\":\"ImageObject\",\"url\":\"https:\\\/\\\/www.pravysmalt.cz\\\/wp-content\\\/uploads\\\/2023\\\/09\\\/plaketa-IMG_1065-e1693581045993.jpg\",\"@id\":\"https:\\\/\\\/www.pravysmalt.cz\\\/en\\\/brno-sobesice-2023\\\/#mainImage\",\"width\":1280,\"height\":906},\"primaryImageOfPage\":{\"@id\":\"https:\\\/\\\/www.pravysmalt.cz\\\/en\\\/brno-sobesice-2023\\\/#mainImage\"},\"datePublished\":\"2023-09-01T17:11:00+02:00\",\"dateModified\":\"2025-01-23T15:18:36+01:00\"},{\"@type\":\"WebSite\",\"@id\":\"https:\\\/\\\/www.pravysmalt.cz\\\/en\\\/#website\",\"url\":\"https:\\\/\\\/www.pravysmalt.cz\\\/en\\\/\",\"name\":\"Prav\\u00fd smalt \\u2013 smaltovan\\u00e9 plakety, chladi\\u010dov\\u00e9 a klubov\\u00e9 znaky\",\"description\":\"Smalt \\u2022 Smaltovan\\u00e9 v\\u00fdrobky taven\\u00e9 v peci p\\u0159i teplot\\u00e1ch kolem 800 \\u00b0C. Plakety \\u2022 chladi\\u010dov\\u00e9 znaky \\u2022 klubov\\u00e9 znaky \\u2022 odznaky \\u2022 plaques \\u2022 cooler badges \\u2022 club badges \\u2022 badges\",\"inLanguage\":\"en-GB\",\"publisher\":{\"@id\":\"https:\\\/\\\/www.pravysmalt.cz\\\/en\\\/#organization\"}}]}\n\t\t<\/script>\n\t\t<!-- All in One SEO -->\n\n","aioseo_head_json":{"title":"Brno\u2013Sob\u011b\u0161ice 2023 - Prav\u00fd smalt \u2013 smaltovan\u00e9 plakety, chladi\u010dov\u00e9 a klubov\u00e9 znaky","description":"Upom\u00ednkov\u00e1 plaketa Brno\u2013Sob\u011b\u0161ice 2023 N\u00e1vrh vytvo\u0159il medailista a motocyklov\u00fd z\u00e1vodn\u00edk Martin Da\u0161ek. Plaketa je z m\u011bdi a \u0161perka\u0159sk\u00e9ho smaltu, rozm\u011br 80x52 mm, cena 3500 K\u010d","canonical_url":"https:\/\/www.pravysmalt.cz\/en\/brno-sobesice-2023\/","robots":"max-image-preview:large","keywords":"","webmasterTools":{"google-site-verification":"lJ-HXsYqf-P7vOZotOtf8UtEmv8CwZ5kbUP40sCnRBc","miscellaneous":""},"schema":{"@context":"https:\/\/schema.org","@graph":[{"@type":"Article","@id":"https:\/\/www.pravysmalt.cz\/en\/brno-sobesice-2023\/#article","name":"Brno\u2013Sob\u011b\u0161ice 2023 - Prav\u00fd smalt \u2013 smaltovan\u00e9 plakety, chladi\u010dov\u00e9 a klubov\u00e9 znaky","headline":"Brno\u2013Sob\u011b\u0161ice 2023","author":{"@id":"https:\/\/www.pravysmalt.cz\/en\/author\/hujerrucka\/#author"},"publisher":{"@id":"https:\/\/www.pravysmalt.cz\/en\/#organization"},"image":{"@type":"ImageObject","url":"https:\/\/www.pravysmalt.cz\/wp-content\/uploads\/2023\/09\/plaketa-IMG_1065-e1693581045993.jpg","width":1280,"height":906},"datePublished":"2023-09-01T17:11:00+02:00","dateModified":"2025-01-23T15:18:36+01:00","inLanguage":"en-GB","mainEntityOfPage":{"@id":"https:\/\/www.pravysmalt.cz\/en\/brno-sobesice-2023\/#webpage"},"isPartOf":{"@id":"https:\/\/www.pravysmalt.cz\/en\/brno-sobesice-2023\/#webpage"},"articleSection":"Plakety"},{"@type":"BreadcrumbList","@id":"https:\/\/www.pravysmalt.cz\/en\/brno-sobesice-2023\/#breadcrumblist","itemListElement":[{"@type":"ListItem","@id":"https:\/\/www.pravysmalt.cz\/en#listItem","position":1,"name":"Dom\u016f","item":"https:\/\/www.pravysmalt.cz\/en","nextItem":{"@type":"ListItem","@id":"https:\/\/www.pravysmalt.cz\/en\/category\/plakety\/#listItem","name":"Plakety"}},{"@type":"ListItem","@id":"https:\/\/www.pravysmalt.cz\/en\/category\/plakety\/#listItem","position":2,"name":"Plakety","item":"https:\/\/www.pravysmalt.cz\/en\/category\/plakety\/","nextItem":{"@type":"ListItem","@id":"https:\/\/www.pravysmalt.cz\/en\/brno-sobesice-2023\/#listItem","name":"Brno\u2013Sob\u011b\u0161ice 2023"},"previousItem":{"@type":"ListItem","@id":"https:\/\/www.pravysmalt.cz\/en#listItem","name":"Dom\u016f"}},{"@type":"ListItem","@id":"https:\/\/www.pravysmalt.cz\/en\/brno-sobesice-2023\/#listItem","position":3,"name":"Brno\u2013Sob\u011b\u0161ice 2023","previousItem":{"@type":"ListItem","@id":"https:\/\/www.pravysmalt.cz\/en\/category\/plakety\/#listItem","name":"Plakety"}}]},{"@type":"Organization","@id":"https:\/\/www.pravysmalt.cz\/en\/#organization","name":"Prav\u00fd smalt","description":"Smalt \u2022 Smaltovan\u00e9 v\u00fdrobky taven\u00e9 v peci p\u0159i teplot\u00e1ch kolem 800 \u00b0C. Plakety \u2022 chladi\u010dov\u00e9 znaky \u2022 klubov\u00e9 znaky \u2022 odznaky \u2022 plaques \u2022 cooler badges \u2022 club badges \u2022 badges","url":"https:\/\/www.pravysmalt.cz\/en\/","logo":{"@type":"ImageObject","url":"https:\/\/pravysmalt.cz\/wp-content\/uploads\/2021\/09\/pravysmaltlogo.gif","@id":"https:\/\/www.pravysmalt.cz\/en\/brno-sobesice-2023\/#organizationLogo"},"image":{"@id":"https:\/\/www.pravysmalt.cz\/en\/brno-sobesice-2023\/#organizationLogo"},"sameAs":["https:\/\/www.facebook.com\/pravysmalt"]},{"@type":"Person","@id":"https:\/\/www.pravysmalt.cz\/en\/author\/hujerrucka\/#author","url":"https:\/\/www.pravysmalt.cz\/en\/author\/hujerrucka\/","name":"HujerRucka"},{"@type":"WebPage","@id":"https:\/\/www.pravysmalt.cz\/en\/brno-sobesice-2023\/#webpage","url":"https:\/\/www.pravysmalt.cz\/en\/brno-sobesice-2023\/","name":"Brno\u2013Sob\u011b\u0161ice 2023 - Prav\u00fd smalt \u2013 smaltovan\u00e9 plakety, chladi\u010dov\u00e9 a klubov\u00e9 znaky","description":"Upom\u00ednkov\u00e1 plaketa Brno\u2013Sob\u011b\u0161ice 2023 N\u00e1vrh vytvo\u0159il medailista a motocyklov\u00fd z\u00e1vodn\u00edk Martin Da\u0161ek. Plaketa je z m\u011bdi a \u0161perka\u0159sk\u00e9ho smaltu, rozm\u011br 80x52 mm, cena 3500 K\u010d","inLanguage":"en-GB","isPartOf":{"@id":"https:\/\/www.pravysmalt.cz\/en\/#website"},"breadcrumb":{"@id":"https:\/\/www.pravysmalt.cz\/en\/brno-sobesice-2023\/#breadcrumblist"},"author":{"@id":"https:\/\/www.pravysmalt.cz\/en\/author\/hujerrucka\/#author"},"creator":{"@id":"https:\/\/www.pravysmalt.cz\/en\/author\/hujerrucka\/#author"},"image":{"@type":"ImageObject","url":"https:\/\/www.pravysmalt.cz\/wp-content\/uploads\/2023\/09\/plaketa-IMG_1065-e1693581045993.jpg","@id":"https:\/\/www.pravysmalt.cz\/en\/brno-sobesice-2023\/#mainImage","width":1280,"height":906},"primaryImageOfPage":{"@id":"https:\/\/www.pravysmalt.cz\/en\/brno-sobesice-2023\/#mainImage"},"datePublished":"2023-09-01T17:11:00+02:00","dateModified":"2025-01-23T15:18:36+01:00"},{"@type":"WebSite","@id":"https:\/\/www.pravysmalt.cz\/en\/#website","url":"https:\/\/www.pravysmalt.cz\/en\/","name":"Prav\u00fd smalt \u2013 smaltovan\u00e9 plakety, chladi\u010dov\u00e9 a klubov\u00e9 znaky","description":"Smalt \u2022 Smaltovan\u00e9 v\u00fdrobky taven\u00e9 v peci p\u0159i teplot\u00e1ch kolem 800 \u00b0C. Plakety \u2022 chladi\u010dov\u00e9 znaky \u2022 klubov\u00e9 znaky \u2022 odznaky \u2022 plaques \u2022 cooler badges \u2022 club badges \u2022 badges","inLanguage":"en-GB","publisher":{"@id":"https:\/\/www.pravysmalt.cz\/en\/#organization"}}]},"og:locale":"en_GB","og:site_name":"Prav\u00fd smalt \u2013 smaltovan\u00e9 plakety, chladi\u010dov\u00e9 a klubov\u00e9 znaky","og:type":"article","og:title":"Brno\u2013Sob\u011b\u0161ice 2023 - Prav\u00fd smalt \u2013 smaltovan\u00e9 plakety, chladi\u010dov\u00e9 a klubov\u00e9 znaky","og:description":"Upom\u00ednkov\u00e1 plaketa Brno\u2013Sob\u011b\u0161ice 2023 N\u00e1vrh vytvo\u0159il medailista a motocyklov\u00fd z\u00e1vodn\u00edk Martin Da\u0161ek. Plaketa je z m\u011bdi a \u0161perka\u0159sk\u00e9ho smaltu, rozm\u011br 80x52 mm, cena 3500 K\u010d","og:url":"https:\/\/www.pravysmalt.cz\/en\/brno-sobesice-2023\/","og:image":"https:\/\/www.pravysmalt.cz\/wp-content\/uploads\/2023\/09\/plaketa-IMG_1065-e1693581045993.jpg","og:image:secure_url":"https:\/\/www.pravysmalt.cz\/wp-content\/uploads\/2023\/09\/plaketa-IMG_1065-e1693581045993.jpg","article:published_time":"2023-09-01T15:11:00+00:00","article:modified_time":"2025-01-23T14:18:36+00:00","article:publisher":"https:\/\/www.facebook.com\/pravysmalt","twitter:card":"summary_large_image","twitter:title":"Brno\u2013Sob\u011b\u0161ice 2023 - Prav\u00fd smalt \u2013 smaltovan\u00e9 plakety, chladi\u010dov\u00e9 a klubov\u00e9 znaky","twitter:description":"Upom\u00ednkov\u00e1 plaketa Brno\u2013Sob\u011b\u0161ice 2023 N\u00e1vrh vytvo\u0159il medailista a motocyklov\u00fd z\u00e1vodn\u00edk Martin Da\u0161ek. Plaketa je z m\u011bdi a \u0161perka\u0159sk\u00e9ho smaltu, rozm\u011br 80x52 mm, cena 3500 K\u010d","twitter:image":"https:\/\/www.pravysmalt.cz\/wp-content\/uploads\/2023\/09\/plaketa-IMG_1065-e1693581045993.jpg","twitter:label1":"Written by","twitter:data1":"HujerRucka"},"aioseo_meta_data":{"post_id":"1446","title":null,"description":null,"keywords":null,"keyphrases":{"focus":[],"additional":[]},"primary_term":null,"canonical_url":null,"og_title":null,"og_description":null,"og_object_type":"default","og_image_type":"featured","og_image_url":"https:\/\/www.pravysmalt.cz\/wp-content\/uploads\/2023\/09\/plaketa-IMG_1065-e1693581045993.jpg","og_image_width":"0","og_image_height":"0","og_image_custom_url":null,"og_image_custom_fields":null,"og_video":"","og_custom_url":null,"og_article_section":null,"og_article_tags":null,"twitter_use_og":false,"twitter_card":"default","twitter_image_type":"featured","twitter_image_url":"https:\/\/www.pravysmalt.cz\/wp-content\/uploads\/2023\/09\/plaketa-IMG_1065-e1693581045993.jpg","twitter_image_custom_url":null,"twitter_image_custom_fields":null,"twitter_title":null,"twitter_description":null,"schema":{"blockGraphs":[],"customGraphs":[],"default":{"data":{"Article":[],"Course":[],"Dataset":[],"FAQPage":[],"Movie":[],"Person":[],"Product":[],"ProductReview":[],"Car":[],"Recipe":[],"Service":[],"SoftwareApplication":[],"WebPage":[]},"graphName":"Article","isEnabled":true},"graphs":[]},"schema_type":"default","schema_type_options":null,"pillar_content":false,"robots_default":true,"robots_noindex":false,"robots_noarchive":false,"robots_nosnippet":false,"robots_nofollow":false,"robots_noimageindex":false,"robots_noodp":false,"robots_notranslate":false,"robots_max_snippet":"-1","robots_max_videopreview":"-1","robots_max_imagepreview":"large","priority":null,"frequency":"default","local_seo":null,"breadcrumb_settings":null,"limit_modified_date":false,"ai":null,"created":"2023-09-01 15:11:04","updated":"2026-08-31 10:00:16","focus_keyword":null,"additional_keywords":null,"truseo_locale":null,"seo_analyzer_scan_date":null},"aioseo_breadcrumb":"<div class=\"aioseo-breadcrumbs\"><span class=\"aioseo-breadcrumb\">\n\t\t\t<a href=\"https:\/\/www.pravysmalt.cz\/en\" title=\"Dom\u016f\">Dom\u016f<\/a>\n\t\t<\/span><span class=\"aioseo-breadcrumb-separator\">&raquo;<\/span><span class=\"aioseo-breadcrumb\">\n\t\t\t<a href=\"https:\/\/www.pravysmalt.cz\/en\/category\/plakety\/\" title=\"Plakety\">Plakety<\/a>\n\t\t<\/span><span class=\"aioseo-breadcrumb-separator\">&raquo;<\/span><span class=\"aioseo-breadcrumb\">\n\t\t\tBrno\u2013Sob\u011b\u0161ice 2023\n\t\t<\/span><\/div>","aioseo_breadcrumb_json":[{"label":"Dom\u016f","link":"https:\/\/www.pravysmalt.cz\/en"},{"label":"Plakety","link":"https:\/\/www.pravysmalt.cz\/en\/category\/plakety\/"},{"label":"Brno\u2013Sob\u011b\u0161ice 2023","link":"https:\/\/www.pravysmalt.cz\/en\/brno-sobesice-2023\/"}],"taxonomy_info":{"category":[{"value":108,"label":"Plakety"}]},"featured_image_src_large":["https:\/\/www.pravysmalt.cz\/wp-content\/uploads\/2023\/09\/plaketa-IMG_1065-1024x725.jpg",1024,725,true],"author_info":{"display_name":"HujerRucka","author_link":"https:\/\/www.pravysmalt.cz\/en\/author\/hujerrucka\/"},"comment_info":0,"category_info":[{"term_id":108,"name":"Plakety","slug":"plakety","term_group":0,"term_taxonomy_id":108,"taxonomy":"category","description":"","parent":0,"count":8,"filter":"raw","cat_ID":108,"category_count":8,"category_description":"","cat_name":"Plakety","category_nicename":"plakety","category_parent":0}],"tag_info":false,"_links":{"self":[{"href":"https:\/\/www.pravysmalt.cz\/en\/wp-json\/wp\/v2\/posts\/1446","targetHints":{"allow":["GET"]}}],"collection":[{"href":"https:\/\/www.pravysmalt.cz\/en\/wp-json\/wp\/v2\/posts"}],"about":[{"href":"https:\/\/www.pravysmalt.cz\/en\/wp-json\/wp\/v2\/types\/post"}],"author":[{"embeddable":true,"href":"https:\/\/www.pravysmalt.cz\/en\/wp-json\/wp\/v2\/users\/1"}],"replies":[{"embeddable":true,"href":"https:\/\/www.pravysmalt.cz\/en\/wp-json\/wp\/v2\/comments?post=1446"}],"version-history":[{"count":0,"href":"https:\/\/www.pravysmalt.cz\/en\/wp-json\/wp\/v2\/posts\/1446\/revisions"}],"wp:featuredmedia":[{"embeddable":true,"href":"https:\/\/www.pravysmalt.cz\/en\/wp-json\/wp\/v2\/media\/1447"}],"wp:attachment":[{"href":"https:\/\/www.pravysmalt.cz\/en\/wp-json\/wp\/v2\/media?parent=1446"}],"wp:term":[{"taxonomy":"category","embeddable":true,"href":"https:\/\/www.pravysmalt.cz\/en\/wp-json\/wp\/v2\/categories?post=1446"},{"taxonomy":"post_tag","embeddable":true,"href":"https:\/\/www.pravysmalt.cz\/en\/wp-json\/wp\/v2\/tags?post=1446"}],"curies":[{"name":"wp","href":"https:\/\/api.w.org\/{rel}","templated":true}]}}