{"id":521,"date":"2021-10-27T16:40:31","date_gmt":"2021-10-27T14:40:31","guid":{"rendered":"https:\/\/pravysmalt.cz\/?p=521"},"modified":"2023-04-13T10:43:02","modified_gmt":"2023-04-13T08:43:02","slug":"glasurit-classic-expo-30-31-10-2012","status":"publish","type":"post","link":"https:\/\/www.pravysmalt.cz\/en\/glasurit-classic-expo-30-31-10-2012\/","title":{"rendered":"Glasurit Classic Expo 30-31 10. 2021"},"content":{"rendered":"<p>Posledn\u00ed v\u00edkend v&nbsp;\u0159\u00edjnu jsme vystavovali na st\u00e1nku Zbraslav\u2013J\u00edlovi\u0161t\u011b smalty na PVA Expo Praha Let\u0148any.<\/p>\n<p><a href=\"https:\/\/classicexpo.cz\/\" target=\"_blank\" rel=\"noopener\">Podrobnosti o&nbsp;akci.<\/a><\/p>\n\n<style>.wp-block-kadence-advancedgallery .kb-gallery-type-masonry.kb-gallery-id-_0204d1-ef{margin:-5px;}.kb-gallery-type-masonry.kb-gallery-id-_0204d1-ef .kadence-blocks-gallery-item{padding:5px;}.kb-gallery-id-_0204d1-ef .kadence-blocks-gallery-item .kb-gal-image-radius, .kb-gallery-id-_0204d1-ef .kb-slide-item .kb-gal-image-radius img{border-radius:0px 0px 0px 0px;;}<\/style><div class=\"kb-gallery-wrap-id-_0204d1-ef alignnone wp-block-kadence-advancedgallery\"><ul class=\"kb-gallery-ul kb-gallery-non-static kb-gallery-type-masonry kb-masonry-init kb-gallery-id-_0204d1-ef kb-gallery-caption-style-bottom-hover kb-gallery-filter-none kb-gallery-magnific-init\" data-image-filter=\"none\" data-item-selector=\".kadence-blocks-gallery-item\" data-lightbox-caption=\"true\" data-columns-xxl=\"3\" data-columns-xl=\"3\" data-columns-md=\"3\" data-columns-sm=\"2\" data-columns-xs=\"1\" data-columns-ss=\"1\"><li class=\"kadence-blocks-gallery-item\"><div class=\"kadence-blocks-gallery-item-inner\"><figure class=\"kb-gallery-figure kb-gallery-item-has-link kadence-blocks-gallery-item-hide-caption\"><a href=\"https:\/\/www.pravysmalt.cz\/wp-content\/uploads\/2021\/11\/Classic-Expo-2021-1-1024x768.jpeg\" data-description=\"Prav\u00fd smalt \u2022 Genuine Enamel \u2013 Classic-Expo-2021\" data-alt=\"Prav\u00fd smalt \u2022 Genuine Enamel \u2013 Classic-Expo-2021\" class=\"kb-gallery-item-link\"   role=\"button\" aria-haspopup=\"dialog\"><div class=\"kb-gal-image-radius\" style=\"max-width:1280px;\"><div class=\"kb-gallery-image-contain kadence-blocks-gallery-intrinsic\" style=\"padding-bottom:75%;\"><img loading=\"lazy\" decoding=\"async\" src=\"https:\/\/www.pravysmalt.cz\/wp-content\/uploads\/2021\/11\/Classic-Expo-2021-1.jpeg\" width=\"1280\" height=\"960\" alt=\"Prav\u00fd smalt \u2022 Genuine Enamel \u2013 Classic-Expo-2021\" data-full-image=\"https:\/\/www.pravysmalt.cz\/wp-content\/uploads\/2021\/11\/Classic-Expo-2021-1.jpeg\" data-light-image=\"https:\/\/www.pravysmalt.cz\/wp-content\/uploads\/2021\/11\/Classic-Expo-2021-1.jpeg\" data-id=\"568\" class=\"wp-image-568\" srcset=\"https:\/\/www.pravysmalt.cz\/wp-content\/uploads\/2021\/11\/Classic-Expo-2021-1.jpeg 1280w, https:\/\/www.pravysmalt.cz\/wp-content\/uploads\/2021\/11\/Classic-Expo-2021-1-300x225.jpeg 300w, https:\/\/www.pravysmalt.cz\/wp-content\/uploads\/2021\/11\/Classic-Expo-2021-1-1024x768.jpeg 1024w, https:\/\/www.pravysmalt.cz\/wp-content\/uploads\/2021\/11\/Classic-Expo-2021-1-768x576.jpeg 768w, https:\/\/www.pravysmalt.cz\/wp-content\/uploads\/2021\/11\/Classic-Expo-2021-1-600x450.jpeg 600w\" sizes=\"auto, (max-width: 1280px) 100vw, 1280px\" \/><\/div><\/div><\/a><\/figure><\/div><\/li><li class=\"kadence-blocks-gallery-item\"><div class=\"kadence-blocks-gallery-item-inner\"><figure class=\"kb-gallery-figure kb-gallery-item-has-link kadence-blocks-gallery-item-hide-caption\"><a href=\"https:\/\/www.pravysmalt.cz\/wp-content\/uploads\/2021\/11\/Classic-Expo-2021-2-1024x768.jpeg\" data-description=\"Prav\u00fd smalt \u2022 Genuine Enamel \u2013 Classic-Expo-2021\" data-alt=\"Prav\u00fd smalt \u2022 Genuine Enamel \u2013 Classic-Expo-2021\" class=\"kb-gallery-item-link\"   role=\"button\" aria-haspopup=\"dialog\"><div class=\"kb-gal-image-radius\" style=\"max-width:1280px;\"><div class=\"kb-gallery-image-contain kadence-blocks-gallery-intrinsic\" style=\"padding-bottom:75%;\"><img loading=\"lazy\" decoding=\"async\" src=\"https:\/\/www.pravysmalt.cz\/wp-content\/uploads\/2021\/11\/Classic-Expo-2021-2.jpeg\" width=\"1280\" height=\"960\" alt=\"Prav\u00fd smalt \u2022 Genuine Enamel \u2013 Classic-Expo-2021\" data-full-image=\"https:\/\/www.pravysmalt.cz\/wp-content\/uploads\/2021\/11\/Classic-Expo-2021-2.jpeg\" data-light-image=\"https:\/\/www.pravysmalt.cz\/wp-content\/uploads\/2021\/11\/Classic-Expo-2021-2.jpeg\" data-id=\"569\" class=\"wp-image-569\" srcset=\"https:\/\/www.pravysmalt.cz\/wp-content\/uploads\/2021\/11\/Classic-Expo-2021-2.jpeg 1280w, https:\/\/www.pravysmalt.cz\/wp-content\/uploads\/2021\/11\/Classic-Expo-2021-2-300x225.jpeg 300w, https:\/\/www.pravysmalt.cz\/wp-content\/uploads\/2021\/11\/Classic-Expo-2021-2-1024x768.jpeg 1024w, https:\/\/www.pravysmalt.cz\/wp-content\/uploads\/2021\/11\/Classic-Expo-2021-2-768x576.jpeg 768w, https:\/\/www.pravysmalt.cz\/wp-content\/uploads\/2021\/11\/Classic-Expo-2021-2-600x450.jpeg 600w\" sizes=\"auto, (max-width: 1280px) 100vw, 1280px\" \/><\/div><\/div><\/a><\/figure><\/div><\/li><li class=\"kadence-blocks-gallery-item\"><div class=\"kadence-blocks-gallery-item-inner\"><figure class=\"kb-gallery-figure kb-gallery-item-has-link kadence-blocks-gallery-item-hide-caption\"><a href=\"https:\/\/www.pravysmalt.cz\/wp-content\/uploads\/2021\/11\/Classic-Expo-2021-3-1024x768.jpeg\" data-description=\"Prav\u00fd smalt \u2022 Genuine Enamel \u2013 Classic-Expo-2021\" data-alt=\"Prav\u00fd smalt \u2022 Genuine Enamel \u2013 Classic-Expo-2021\" class=\"kb-gallery-item-link\"   role=\"button\" aria-haspopup=\"dialog\"><div class=\"kb-gal-image-radius\" style=\"max-width:1280px;\"><div class=\"kb-gallery-image-contain kadence-blocks-gallery-intrinsic\" style=\"padding-bottom:75%;\"><img loading=\"lazy\" decoding=\"async\" src=\"https:\/\/www.pravysmalt.cz\/wp-content\/uploads\/2021\/11\/Classic-Expo-2021-3.jpeg\" width=\"1280\" height=\"960\" alt=\"Prav\u00fd smalt \u2022 Genuine Enamel \u2013 Classic-Expo-2021\" data-full-image=\"https:\/\/www.pravysmalt.cz\/wp-content\/uploads\/2021\/11\/Classic-Expo-2021-3.jpeg\" data-light-image=\"https:\/\/www.pravysmalt.cz\/wp-content\/uploads\/2021\/11\/Classic-Expo-2021-3.jpeg\" data-id=\"570\" class=\"wp-image-570\" srcset=\"https:\/\/www.pravysmalt.cz\/wp-content\/uploads\/2021\/11\/Classic-Expo-2021-3.jpeg 1280w, https:\/\/www.pravysmalt.cz\/wp-content\/uploads\/2021\/11\/Classic-Expo-2021-3-300x225.jpeg 300w, https:\/\/www.pravysmalt.cz\/wp-content\/uploads\/2021\/11\/Classic-Expo-2021-3-1024x768.jpeg 1024w, https:\/\/www.pravysmalt.cz\/wp-content\/uploads\/2021\/11\/Classic-Expo-2021-3-768x576.jpeg 768w, https:\/\/www.pravysmalt.cz\/wp-content\/uploads\/2021\/11\/Classic-Expo-2021-3-600x450.jpeg 600w\" sizes=\"auto, (max-width: 1280px) 100vw, 1280px\" \/><\/div><\/div><\/a><\/figure><\/div><\/li><li class=\"kadence-blocks-gallery-item\"><div class=\"kadence-blocks-gallery-item-inner\"><figure class=\"kb-gallery-figure kb-gallery-item-has-link kadence-blocks-gallery-item-hide-caption\"><a href=\"https:\/\/www.pravysmalt.cz\/wp-content\/uploads\/2021\/11\/Classic-Expo-2021-4-1024x768.jpeg\" data-description=\"Prav\u00fd smalt \u2022 Genuine Enamel \u2013 Classic-Expo-2021\" data-alt=\"Prav\u00fd smalt \u2022 Genuine Enamel \u2013 Classic-Expo-2021\" class=\"kb-gallery-item-link\"   role=\"button\" aria-haspopup=\"dialog\"><div class=\"kb-gal-image-radius\" style=\"max-width:1280px;\"><div class=\"kb-gallery-image-contain kadence-blocks-gallery-intrinsic\" style=\"padding-bottom:75%;\"><img loading=\"lazy\" decoding=\"async\" src=\"https:\/\/www.pravysmalt.cz\/wp-content\/uploads\/2021\/11\/Classic-Expo-2021-4.jpeg\" width=\"1280\" height=\"960\" alt=\"Prav\u00fd smalt \u2022 Genuine Enamel \u2013 Classic-Expo-2021\" data-full-image=\"https:\/\/www.pravysmalt.cz\/wp-content\/uploads\/2021\/11\/Classic-Expo-2021-4.jpeg\" data-light-image=\"https:\/\/www.pravysmalt.cz\/wp-content\/uploads\/2021\/11\/Classic-Expo-2021-4.jpeg\" data-id=\"571\" class=\"wp-image-571\" srcset=\"https:\/\/www.pravysmalt.cz\/wp-content\/uploads\/2021\/11\/Classic-Expo-2021-4.jpeg 1280w, https:\/\/www.pravysmalt.cz\/wp-content\/uploads\/2021\/11\/Classic-Expo-2021-4-300x225.jpeg 300w, https:\/\/www.pravysmalt.cz\/wp-content\/uploads\/2021\/11\/Classic-Expo-2021-4-1024x768.jpeg 1024w, https:\/\/www.pravysmalt.cz\/wp-content\/uploads\/2021\/11\/Classic-Expo-2021-4-768x576.jpeg 768w, https:\/\/www.pravysmalt.cz\/wp-content\/uploads\/2021\/11\/Classic-Expo-2021-4-600x450.jpeg 600w\" sizes=\"auto, (max-width: 1280px) 100vw, 1280px\" \/><\/div><\/div><\/a><\/figure><\/div><\/li><li class=\"kadence-blocks-gallery-item\"><div class=\"kadence-blocks-gallery-item-inner\"><figure class=\"kb-gallery-figure kb-gallery-item-has-link kadence-blocks-gallery-item-hide-caption\"><a href=\"https:\/\/www.pravysmalt.cz\/wp-content\/uploads\/2021\/11\/Classic-Expo-2021-5-1024x768.jpeg\" data-description=\"Prav\u00fd smalt \u2022 Genuine Enamel \u2013 Classic-Expo-2021\" data-alt=\"Prav\u00fd smalt \u2022 Genuine Enamel \u2013 Classic-Expo-2021\" class=\"kb-gallery-item-link\"   role=\"button\" aria-haspopup=\"dialog\"><div class=\"kb-gal-image-radius\" style=\"max-width:1280px;\"><div class=\"kb-gallery-image-contain kadence-blocks-gallery-intrinsic\" style=\"padding-bottom:75%;\"><img loading=\"lazy\" decoding=\"async\" src=\"https:\/\/www.pravysmalt.cz\/wp-content\/uploads\/2021\/11\/Classic-Expo-2021-5.jpeg\" width=\"1280\" height=\"960\" alt=\"Prav\u00fd smalt \u2022 Genuine Enamel \u2013 Classic-Expo-2021\" data-full-image=\"https:\/\/www.pravysmalt.cz\/wp-content\/uploads\/2021\/11\/Classic-Expo-2021-5.jpeg\" data-light-image=\"https:\/\/www.pravysmalt.cz\/wp-content\/uploads\/2021\/11\/Classic-Expo-2021-5.jpeg\" data-id=\"572\" class=\"wp-image-572\" srcset=\"https:\/\/www.pravysmalt.cz\/wp-content\/uploads\/2021\/11\/Classic-Expo-2021-5.jpeg 1280w, https:\/\/www.pravysmalt.cz\/wp-content\/uploads\/2021\/11\/Classic-Expo-2021-5-300x225.jpeg 300w, https:\/\/www.pravysmalt.cz\/wp-content\/uploads\/2021\/11\/Classic-Expo-2021-5-1024x768.jpeg 1024w, https:\/\/www.pravysmalt.cz\/wp-content\/uploads\/2021\/11\/Classic-Expo-2021-5-768x576.jpeg 768w, https:\/\/www.pravysmalt.cz\/wp-content\/uploads\/2021\/11\/Classic-Expo-2021-5-600x450.jpeg 600w\" sizes=\"auto, (max-width: 1280px) 100vw, 1280px\" \/><\/div><\/div><\/a><\/figure><\/div><\/li><li class=\"kadence-blocks-gallery-item\"><div class=\"kadence-blocks-gallery-item-inner\"><figure class=\"kb-gallery-figure kb-gallery-item-has-link kadence-blocks-gallery-item-hide-caption\"><a href=\"https:\/\/www.pravysmalt.cz\/wp-content\/uploads\/2021\/11\/Classic-Expo-2021-6-768x1024.jpeg\" data-description=\"Prav\u00fd smalt \u2022 Genuine Enamel \u2013 Classic-Expo-2021\" data-alt=\"Prav\u00fd smalt \u2022 Genuine Enamel \u2013 Classic-Expo-2021\" class=\"kb-gallery-item-link\"   role=\"button\" aria-haspopup=\"dialog\"><div class=\"kb-gal-image-radius\" style=\"max-width:960px;\"><div class=\"kb-gallery-image-contain kadence-blocks-gallery-intrinsic\" style=\"padding-bottom:133%;\"><img loading=\"lazy\" decoding=\"async\" src=\"https:\/\/www.pravysmalt.cz\/wp-content\/uploads\/2021\/11\/Classic-Expo-2021-6.jpeg\" width=\"960\" height=\"1280\" alt=\"Prav\u00fd smalt \u2022 Genuine Enamel \u2013 Classic-Expo-2021\" data-full-image=\"https:\/\/www.pravysmalt.cz\/wp-content\/uploads\/2021\/11\/Classic-Expo-2021-6.jpeg\" data-light-image=\"https:\/\/www.pravysmalt.cz\/wp-content\/uploads\/2021\/11\/Classic-Expo-2021-6.jpeg\" data-id=\"573\" class=\"wp-image-573\" srcset=\"https:\/\/www.pravysmalt.cz\/wp-content\/uploads\/2021\/11\/Classic-Expo-2021-6.jpeg 960w, https:\/\/www.pravysmalt.cz\/wp-content\/uploads\/2021\/11\/Classic-Expo-2021-6-225x300.jpeg 225w, https:\/\/www.pravysmalt.cz\/wp-content\/uploads\/2021\/11\/Classic-Expo-2021-6-768x1024.jpeg 768w, https:\/\/www.pravysmalt.cz\/wp-content\/uploads\/2021\/11\/Classic-Expo-2021-6-600x800.jpeg 600w\" sizes=\"auto, (max-width: 960px) 100vw, 960px\" \/><\/div><\/div><\/a><\/figure><\/div><\/li><li class=\"kadence-blocks-gallery-item\"><div class=\"kadence-blocks-gallery-item-inner\"><figure class=\"kb-gallery-figure kb-gallery-item-has-link kadence-blocks-gallery-item-hide-caption\"><a href=\"https:\/\/www.pravysmalt.cz\/wp-content\/uploads\/2021\/11\/Classic-Expo-2021-7-1024x768.jpeg\" data-description=\"Prav\u00fd smalt \u2022 Genuine Enamel \u2013 Classic-Expo-2021\" data-alt=\"Prav\u00fd smalt \u2022 Genuine Enamel \u2013 Classic-Expo-2021\" class=\"kb-gallery-item-link\"   role=\"button\" aria-haspopup=\"dialog\"><div class=\"kb-gal-image-radius\" style=\"max-width:1280px;\"><div class=\"kb-gallery-image-contain kadence-blocks-gallery-intrinsic\" style=\"padding-bottom:75%;\"><img loading=\"lazy\" decoding=\"async\" src=\"https:\/\/www.pravysmalt.cz\/wp-content\/uploads\/2021\/11\/Classic-Expo-2021-7.jpeg\" width=\"1280\" height=\"960\" alt=\"Prav\u00fd smalt \u2022 Genuine Enamel \u2013 Classic-Expo-2021\" data-full-image=\"https:\/\/www.pravysmalt.cz\/wp-content\/uploads\/2021\/11\/Classic-Expo-2021-7.jpeg\" data-light-image=\"https:\/\/www.pravysmalt.cz\/wp-content\/uploads\/2021\/11\/Classic-Expo-2021-7.jpeg\" data-id=\"574\" class=\"wp-image-574\" srcset=\"https:\/\/www.pravysmalt.cz\/wp-content\/uploads\/2021\/11\/Classic-Expo-2021-7.jpeg 1280w, https:\/\/www.pravysmalt.cz\/wp-content\/uploads\/2021\/11\/Classic-Expo-2021-7-300x225.jpeg 300w, https:\/\/www.pravysmalt.cz\/wp-content\/uploads\/2021\/11\/Classic-Expo-2021-7-1024x768.jpeg 1024w, https:\/\/www.pravysmalt.cz\/wp-content\/uploads\/2021\/11\/Classic-Expo-2021-7-768x576.jpeg 768w, https:\/\/www.pravysmalt.cz\/wp-content\/uploads\/2021\/11\/Classic-Expo-2021-7-600x450.jpeg 600w\" sizes=\"auto, (max-width: 1280px) 100vw, 1280px\" \/><\/div><\/div><\/a><\/figure><\/div><\/li><li class=\"kadence-blocks-gallery-item\"><div class=\"kadence-blocks-gallery-item-inner\"><figure class=\"kb-gallery-figure kb-gallery-item-has-link kadence-blocks-gallery-item-hide-caption\"><a href=\"https:\/\/www.pravysmalt.cz\/wp-content\/uploads\/2021\/11\/Classic-Expo-2021-8-1024x768.jpeg\" data-description=\"Prav\u00fd smalt \u2022 Genuine Enamel \u2013 Classic-Expo-2021\" data-alt=\"Prav\u00fd smalt \u2022 Genuine Enamel \u2013 Classic-Expo-2021\" class=\"kb-gallery-item-link\"   role=\"button\" aria-haspopup=\"dialog\"><div class=\"kb-gal-image-radius\" style=\"max-width:1280px;\"><div class=\"kb-gallery-image-contain kadence-blocks-gallery-intrinsic\" style=\"padding-bottom:75%;\"><img loading=\"lazy\" decoding=\"async\" src=\"https:\/\/www.pravysmalt.cz\/wp-content\/uploads\/2021\/11\/Classic-Expo-2021-8.jpeg\" width=\"1280\" height=\"960\" alt=\"Prav\u00fd smalt \u2022 Genuine Enamel \u2013 Classic-Expo-2021\" data-full-image=\"https:\/\/www.pravysmalt.cz\/wp-content\/uploads\/2021\/11\/Classic-Expo-2021-8.jpeg\" data-light-image=\"https:\/\/www.pravysmalt.cz\/wp-content\/uploads\/2021\/11\/Classic-Expo-2021-8.jpeg\" data-id=\"575\" class=\"wp-image-575\" srcset=\"https:\/\/www.pravysmalt.cz\/wp-content\/uploads\/2021\/11\/Classic-Expo-2021-8.jpeg 1280w, https:\/\/www.pravysmalt.cz\/wp-content\/uploads\/2021\/11\/Classic-Expo-2021-8-300x225.jpeg 300w, https:\/\/www.pravysmalt.cz\/wp-content\/uploads\/2021\/11\/Classic-Expo-2021-8-1024x768.jpeg 1024w, https:\/\/www.pravysmalt.cz\/wp-content\/uploads\/2021\/11\/Classic-Expo-2021-8-768x576.jpeg 768w, https:\/\/www.pravysmalt.cz\/wp-content\/uploads\/2021\/11\/Classic-Expo-2021-8-600x450.jpeg 600w\" sizes=\"auto, (max-width: 1280px) 100vw, 1280px\" \/><\/div><\/div><\/a><\/figure><\/div><\/li><li class=\"kadence-blocks-gallery-item\"><div class=\"kadence-blocks-gallery-item-inner\"><figure class=\"kb-gallery-figure kb-gallery-item-has-link kadence-blocks-gallery-item-hide-caption\"><a href=\"https:\/\/www.pravysmalt.cz\/wp-content\/uploads\/2021\/11\/Classic-Expo-2021-9-1024x768.jpeg\" data-description=\"Prav\u00fd smalt \u2022 Genuine Enamel \u2013 Classic-Expo-2021\" data-alt=\"Prav\u00fd smalt \u2022 Genuine Enamel \u2013 Classic-Expo-2021\" class=\"kb-gallery-item-link\"   role=\"button\" aria-haspopup=\"dialog\"><div class=\"kb-gal-image-radius\" style=\"max-width:1280px;\"><div class=\"kb-gallery-image-contain kadence-blocks-gallery-intrinsic\" style=\"padding-bottom:75%;\"><img loading=\"lazy\" decoding=\"async\" src=\"https:\/\/www.pravysmalt.cz\/wp-content\/uploads\/2021\/11\/Classic-Expo-2021-9.jpeg\" width=\"1280\" height=\"960\" alt=\"Prav\u00fd smalt \u2022 Genuine Enamel \u2013 Classic-Expo-2021\" data-full-image=\"https:\/\/www.pravysmalt.cz\/wp-content\/uploads\/2021\/11\/Classic-Expo-2021-9.jpeg\" data-light-image=\"https:\/\/www.pravysmalt.cz\/wp-content\/uploads\/2021\/11\/Classic-Expo-2021-9.jpeg\" data-id=\"576\" class=\"wp-image-576\" srcset=\"https:\/\/www.pravysmalt.cz\/wp-content\/uploads\/2021\/11\/Classic-Expo-2021-9.jpeg 1280w, https:\/\/www.pravysmalt.cz\/wp-content\/uploads\/2021\/11\/Classic-Expo-2021-9-300x225.jpeg 300w, https:\/\/www.pravysmalt.cz\/wp-content\/uploads\/2021\/11\/Classic-Expo-2021-9-1024x768.jpeg 1024w, https:\/\/www.pravysmalt.cz\/wp-content\/uploads\/2021\/11\/Classic-Expo-2021-9-768x576.jpeg 768w, https:\/\/www.pravysmalt.cz\/wp-content\/uploads\/2021\/11\/Classic-Expo-2021-9-600x450.jpeg 600w\" sizes=\"auto, (max-width: 1280px) 100vw, 1280px\" \/><\/div><\/div><\/a><\/figure><\/div><\/li><li class=\"kadence-blocks-gallery-item\"><div class=\"kadence-blocks-gallery-item-inner\"><figure class=\"kb-gallery-figure kb-gallery-item-has-link kadence-blocks-gallery-item-hide-caption\"><a href=\"https:\/\/www.pravysmalt.cz\/wp-content\/uploads\/2021\/11\/Classic-Expo-2021-10-768x1024.jpeg\" data-description=\"Prav\u00fd smalt \u2022 Genuine Enamel \u2013 Classic-Expo-2021-10\" data-alt=\"Prav\u00fd smalt \u2022 Genuine Enamel \u2013 Classic-Expo-2021-10\" class=\"kb-gallery-item-link\"   role=\"button\" aria-haspopup=\"dialog\"><div class=\"kb-gal-image-radius\" style=\"max-width:960px;\"><div class=\"kb-gallery-image-contain kadence-blocks-gallery-intrinsic\" style=\"padding-bottom:133%;\"><img loading=\"lazy\" decoding=\"async\" src=\"https:\/\/www.pravysmalt.cz\/wp-content\/uploads\/2021\/11\/Classic-Expo-2021-10.jpeg\" width=\"960\" height=\"1280\" alt=\"Prav\u00fd smalt \u2022 Genuine Enamel \u2013 Classic-Expo-2021-10\" data-full-image=\"https:\/\/www.pravysmalt.cz\/wp-content\/uploads\/2021\/11\/Classic-Expo-2021-10.jpeg\" data-light-image=\"https:\/\/www.pravysmalt.cz\/wp-content\/uploads\/2021\/11\/Classic-Expo-2021-10.jpeg\" data-id=\"577\" class=\"wp-image-577\" srcset=\"https:\/\/www.pravysmalt.cz\/wp-content\/uploads\/2021\/11\/Classic-Expo-2021-10.jpeg 960w, https:\/\/www.pravysmalt.cz\/wp-content\/uploads\/2021\/11\/Classic-Expo-2021-10-225x300.jpeg 225w, https:\/\/www.pravysmalt.cz\/wp-content\/uploads\/2021\/11\/Classic-Expo-2021-10-768x1024.jpeg 768w, https:\/\/www.pravysmalt.cz\/wp-content\/uploads\/2021\/11\/Classic-Expo-2021-10-600x800.jpeg 600w\" sizes=\"auto, (max-width: 960px) 100vw, 960px\" \/><\/div><\/div><\/a><\/figure><\/div><\/li><\/ul><\/div>","protected":false},"excerpt":{"rendered":"<p>On the last weekend of October, we exhibited enamels at the Zbraslav\u2013J\u00edlovi\u0161t\u011b stand at PVA Expo Prague Let\u0148any. Details about the event.<\/p>","protected":false},"author":2,"featured_media":576,"comment_status":"closed","ping_status":"open","sticky":false,"template":"","format":"standard","meta":{"_kad_blocks_custom_css":"","_kad_blocks_head_custom_js":"","_kad_blocks_body_custom_js":"","_kad_blocks_footer_custom_js":"","_kad_post_transparent":"","_kad_post_title":"","_kad_post_layout":"","_kad_post_sidebar_id":"","_kad_post_content_style":"","_kad_post_vertical_padding":"","_kad_post_feature":"","_kad_post_feature_position":"","_kad_post_header":false,"_kad_post_footer":false,"_kad_post_classname":"","footnotes":""},"categories":[92],"tags":[],"class_list":["post-521","post","type-post","status-publish","format-standard","has-post-thumbnail","hentry","category-udalosti"],"aioseo_notices":[],"aioseo_head":"\n\t\t<!-- All in One SEO 5.0.1.1 - aioseo.com -->\n\t<meta name=\"description\" content=\"Posledn\u00ed v\u00edkend v \u0159\u00edjnu jsme vystavovali na st\u00e1nku Zbraslav\u2013J\u00edlovi\u0161t\u011b smalty na PVA Expo Praha Let\u0148any. Podrobnosti o akci.\" \/>\n\t<meta name=\"robots\" content=\"max-image-preview:large\" \/>\n\t<meta name=\"author\" content=\"Veronika \u0160e\u010fov\u00e1\"\/>\n\t<meta name=\"google-site-verification\" content=\"lJ-HXsYqf-P7vOZotOtf8UtEmv8CwZ5kbUP40sCnRBc\" \/>\n\t<link rel=\"canonical\" href=\"https:\/\/www.pravysmalt.cz\/en\/glasurit-classic-expo-30-31-10-2012\/\" \/>\n\t<meta name=\"generator\" content=\"All in One SEO (AIOSEO) 5.0.1.1\" \/>\n\t\t<meta property=\"og:locale\" content=\"en_GB\" \/>\n\t\t<meta property=\"og:site_name\" content=\"Prav\u00fd smalt \u2013 smaltovan\u00e9 plakety, chladi\u010dov\u00e9 a klubov\u00e9 znaky\" \/>\n\t\t<meta property=\"og:type\" content=\"article\" \/>\n\t\t<meta property=\"og:title\" content=\"Glasurit Classic Expo 30.\u201331. 10. 2021 - Prav\u00fd smalt \u2013 smaltovan\u00e9 plakety, chladi\u010dov\u00e9 a klubov\u00e9 znaky\" \/>\n\t\t<meta property=\"og:description\" content=\"Posledn\u00ed v\u00edkend v \u0159\u00edjnu jsme vystavovali na st\u00e1nku Zbraslav\u2013J\u00edlovi\u0161t\u011b smalty na PVA Expo Praha Let\u0148any. Podrobnosti o akci.\" \/>\n\t\t<meta property=\"og:url\" content=\"https:\/\/www.pravysmalt.cz\/en\/glasurit-classic-expo-30-31-10-2012\/\" \/>\n\t\t<meta property=\"og:image\" content=\"https:\/\/www.pravysmalt.cz\/wp-content\/uploads\/2021\/11\/Classic-Expo-2021-9.jpeg\" \/>\n\t\t<meta property=\"og:image:secure_url\" content=\"https:\/\/www.pravysmalt.cz\/wp-content\/uploads\/2021\/11\/Classic-Expo-2021-9.jpeg\" \/>\n\t\t<meta property=\"og:image:width\" content=\"1280\" \/>\n\t\t<meta property=\"og:image:height\" content=\"960\" \/>\n\t\t<meta property=\"article:section\" content=\"Ud\u00e1losti\" \/>\n\t\t<meta property=\"article:published_time\" content=\"2021-10-27T14:40:31+00:00\" \/>\n\t\t<meta property=\"article:modified_time\" content=\"2023-04-13T08:43:02+00:00\" \/>\n\t\t<meta property=\"article:publisher\" content=\"https:\/\/www.facebook.com\/pravysmalt\" \/>\n\t\t<meta name=\"twitter:card\" content=\"summary_large_image\" \/>\n\t\t<meta name=\"twitter:title\" content=\"Glasurit Classic Expo 30.\u201331. 10. 2021 - Prav\u00fd smalt \u2013 smaltovan\u00e9 plakety, chladi\u010dov\u00e9 a klubov\u00e9 znaky\" \/>\n\t\t<meta name=\"twitter:description\" content=\"Posledn\u00ed v\u00edkend v \u0159\u00edjnu jsme vystavovali na st\u00e1nku Zbraslav\u2013J\u00edlovi\u0161t\u011b smalty na PVA Expo Praha Let\u0148any. Podrobnosti o akci.\" \/>\n\t\t<meta name=\"twitter:image\" content=\"https:\/\/www.pravysmalt.cz\/wp-content\/uploads\/2021\/11\/Classic-Expo-2021-9.jpeg\" \/>\n\t\t<meta name=\"twitter:label1\" content=\"Written by\" \/>\n\t\t<meta name=\"twitter:data1\" content=\"Veronika \u0160e\u010fov\u00e1\" \/>\n\t\t<script type=\"application\/ld+json\" class=\"aioseo-schema\">\n\t\t\t{\"@context\":\"https:\\\/\\\/schema.org\",\"@graph\":[{\"@type\":\"Article\",\"@id\":\"https:\\\/\\\/www.pravysmalt.cz\\\/en\\\/glasurit-classic-expo-30-31-10-2012\\\/#article\",\"name\":\"Glasurit Classic Expo 30.\\u201331. 10. 2021 - Prav\\u00fd smalt \\u2013 smaltovan\\u00e9 plakety, chladi\\u010dov\\u00e9 a klubov\\u00e9 znaky\",\"headline\":\"Glasurit Classic Expo 30.\\u201331.&nbsp;10.&nbsp;2021\",\"author\":{\"@id\":\"https:\\\/\\\/www.pravysmalt.cz\\\/en\\\/author\\\/verca\\\/#author\"},\"publisher\":{\"@id\":\"https:\\\/\\\/www.pravysmalt.cz\\\/en\\\/#organization\"},\"image\":{\"@type\":\"ImageObject\",\"url\":\"https:\\\/\\\/www.pravysmalt.cz\\\/wp-content\\\/uploads\\\/2021\\\/11\\\/Classic-Expo-2021-9.jpeg\",\"width\":1280,\"height\":960,\"caption\":\"Prav\\u00fd smalt \\u2022 Genuine Enamel \\u2013 Classic-Expo-2021\"},\"datePublished\":\"2021-10-27T16:40:31+02:00\",\"dateModified\":\"2023-04-13T10:43:02+02:00\",\"inLanguage\":\"en-GB\",\"mainEntityOfPage\":{\"@id\":\"https:\\\/\\\/www.pravysmalt.cz\\\/en\\\/glasurit-classic-expo-30-31-10-2012\\\/#webpage\"},\"isPartOf\":{\"@id\":\"https:\\\/\\\/www.pravysmalt.cz\\\/en\\\/glasurit-classic-expo-30-31-10-2012\\\/#webpage\"},\"articleSection\":\"Ud\\u00e1losti\"},{\"@type\":\"BreadcrumbList\",\"@id\":\"https:\\\/\\\/www.pravysmalt.cz\\\/en\\\/glasurit-classic-expo-30-31-10-2012\\\/#breadcrumblist\",\"itemListElement\":[{\"@type\":\"ListItem\",\"@id\":\"https:\\\/\\\/www.pravysmalt.cz\\\/en#listItem\",\"position\":1,\"name\":\"Dom\\u016f\",\"item\":\"https:\\\/\\\/www.pravysmalt.cz\\\/en\",\"nextItem\":{\"@type\":\"ListItem\",\"@id\":\"https:\\\/\\\/www.pravysmalt.cz\\\/en\\\/category\\\/udalosti\\\/#listItem\",\"name\":\"Ud\\u00e1losti\"}},{\"@type\":\"ListItem\",\"@id\":\"https:\\\/\\\/www.pravysmalt.cz\\\/en\\\/category\\\/udalosti\\\/#listItem\",\"position\":2,\"name\":\"Ud\\u00e1losti\",\"item\":\"https:\\\/\\\/www.pravysmalt.cz\\\/en\\\/category\\\/udalosti\\\/\",\"nextItem\":{\"@type\":\"ListItem\",\"@id\":\"https:\\\/\\\/www.pravysmalt.cz\\\/en\\\/glasurit-classic-expo-30-31-10-2012\\\/#listItem\",\"name\":\"Glasurit Classic Expo 30.\\u201331.&nbsp;10.&nbsp;2021\"},\"previousItem\":{\"@type\":\"ListItem\",\"@id\":\"https:\\\/\\\/www.pravysmalt.cz\\\/en#listItem\",\"name\":\"Dom\\u016f\"}},{\"@type\":\"ListItem\",\"@id\":\"https:\\\/\\\/www.pravysmalt.cz\\\/en\\\/glasurit-classic-expo-30-31-10-2012\\\/#listItem\",\"position\":3,\"name\":\"Glasurit Classic Expo 30.\\u201331.&nbsp;10.&nbsp;2021\",\"previousItem\":{\"@type\":\"ListItem\",\"@id\":\"https:\\\/\\\/www.pravysmalt.cz\\\/en\\\/category\\\/udalosti\\\/#listItem\",\"name\":\"Ud\\u00e1losti\"}}]},{\"@type\":\"Organization\",\"@id\":\"https:\\\/\\\/www.pravysmalt.cz\\\/en\\\/#organization\",\"name\":\"Prav\\u00fd smalt\",\"description\":\"Smalt \\u2022 Smaltovan\\u00e9 v\\u00fdrobky taven\\u00e9 v peci p\\u0159i teplot\\u00e1ch kolem 800 \\u00b0C. Plakety \\u2022 chladi\\u010dov\\u00e9 znaky \\u2022 klubov\\u00e9 znaky \\u2022 odznaky \\u2022 plaques \\u2022 cooler badges \\u2022 club badges \\u2022 badges\",\"url\":\"https:\\\/\\\/www.pravysmalt.cz\\\/en\\\/\",\"logo\":{\"@type\":\"ImageObject\",\"url\":\"https:\\\/\\\/pravysmalt.cz\\\/wp-content\\\/uploads\\\/2021\\\/09\\\/pravysmaltlogo.gif\",\"@id\":\"https:\\\/\\\/www.pravysmalt.cz\\\/en\\\/glasurit-classic-expo-30-31-10-2012\\\/#organizationLogo\"},\"image\":{\"@id\":\"https:\\\/\\\/www.pravysmalt.cz\\\/en\\\/glasurit-classic-expo-30-31-10-2012\\\/#organizationLogo\"},\"sameAs\":[\"https:\\\/\\\/www.facebook.com\\\/pravysmalt\"]},{\"@type\":\"Person\",\"@id\":\"https:\\\/\\\/www.pravysmalt.cz\\\/en\\\/author\\\/verca\\\/#author\",\"url\":\"https:\\\/\\\/www.pravysmalt.cz\\\/en\\\/author\\\/verca\\\/\",\"name\":\"Veronika \\u0160e\\u010fov\\u00e1\"},{\"@type\":\"WebPage\",\"@id\":\"https:\\\/\\\/www.pravysmalt.cz\\\/en\\\/glasurit-classic-expo-30-31-10-2012\\\/#webpage\",\"url\":\"https:\\\/\\\/www.pravysmalt.cz\\\/en\\\/glasurit-classic-expo-30-31-10-2012\\\/\",\"name\":\"Glasurit Classic Expo 30.\\u201331. 10. 2021 - Prav\\u00fd smalt \\u2013 smaltovan\\u00e9 plakety, chladi\\u010dov\\u00e9 a klubov\\u00e9 znaky\",\"description\":\"Posledn\\u00ed v\\u00edkend v \\u0159\\u00edjnu jsme vystavovali na st\\u00e1nku Zbraslav\\u2013J\\u00edlovi\\u0161t\\u011b smalty na PVA Expo Praha Let\\u0148any. Podrobnosti o akci.\",\"inLanguage\":\"en-GB\",\"isPartOf\":{\"@id\":\"https:\\\/\\\/www.pravysmalt.cz\\\/en\\\/#website\"},\"breadcrumb\":{\"@id\":\"https:\\\/\\\/www.pravysmalt.cz\\\/en\\\/glasurit-classic-expo-30-31-10-2012\\\/#breadcrumblist\"},\"author\":{\"@id\":\"https:\\\/\\\/www.pravysmalt.cz\\\/en\\\/author\\\/verca\\\/#author\"},\"creator\":{\"@id\":\"https:\\\/\\\/www.pravysmalt.cz\\\/en\\\/author\\\/verca\\\/#author\"},\"image\":{\"@type\":\"ImageObject\",\"url\":\"https:\\\/\\\/www.pravysmalt.cz\\\/wp-content\\\/uploads\\\/2021\\\/11\\\/Classic-Expo-2021-9.jpeg\",\"@id\":\"https:\\\/\\\/www.pravysmalt.cz\\\/en\\\/glasurit-classic-expo-30-31-10-2012\\\/#mainImage\",\"width\":1280,\"height\":960,\"caption\":\"Prav\\u00fd smalt \\u2022 Genuine Enamel \\u2013 Classic-Expo-2021\"},\"primaryImageOfPage\":{\"@id\":\"https:\\\/\\\/www.pravysmalt.cz\\\/en\\\/glasurit-classic-expo-30-31-10-2012\\\/#mainImage\"},\"datePublished\":\"2021-10-27T16:40:31+02:00\",\"dateModified\":\"2023-04-13T10:43:02+02:00\"},{\"@type\":\"WebSite\",\"@id\":\"https:\\\/\\\/www.pravysmalt.cz\\\/en\\\/#website\",\"url\":\"https:\\\/\\\/www.pravysmalt.cz\\\/en\\\/\",\"name\":\"Prav\\u00fd smalt \\u2013 smaltovan\\u00e9 plakety, chladi\\u010dov\\u00e9 a klubov\\u00e9 znaky\",\"description\":\"Smalt \\u2022 Smaltovan\\u00e9 v\\u00fdrobky taven\\u00e9 v peci p\\u0159i teplot\\u00e1ch kolem 800 \\u00b0C. Plakety \\u2022 chladi\\u010dov\\u00e9 znaky \\u2022 klubov\\u00e9 znaky \\u2022 odznaky \\u2022 plaques \\u2022 cooler badges \\u2022 club badges \\u2022 badges\",\"inLanguage\":\"en-GB\",\"publisher\":{\"@id\":\"https:\\\/\\\/www.pravysmalt.cz\\\/en\\\/#organization\"}}]}\n\t\t<\/script>\n\t\t<!-- All in One SEO -->\n\n","aioseo_head_json":{"title":"Glasurit Classic Expo 30.\u201331. 10. 2021 - Prav\u00fd smalt \u2013 smaltovan\u00e9 plakety, chladi\u010dov\u00e9 a klubov\u00e9 znaky","description":"Posledn\u00ed v\u00edkend v \u0159\u00edjnu jsme vystavovali na st\u00e1nku Zbraslav\u2013J\u00edlovi\u0161t\u011b smalty na PVA Expo Praha Let\u0148any. Podrobnosti o akci.","canonical_url":"https:\/\/www.pravysmalt.cz\/en\/glasurit-classic-expo-30-31-10-2012\/","robots":"max-image-preview:large","keywords":"","webmasterTools":{"google-site-verification":"lJ-HXsYqf-P7vOZotOtf8UtEmv8CwZ5kbUP40sCnRBc","miscellaneous":""},"schema":{"@context":"https:\/\/schema.org","@graph":[{"@type":"Article","@id":"https:\/\/www.pravysmalt.cz\/en\/glasurit-classic-expo-30-31-10-2012\/#article","name":"Glasurit Classic Expo 30.\u201331. 10. 2021 - Prav\u00fd smalt \u2013 smaltovan\u00e9 plakety, chladi\u010dov\u00e9 a klubov\u00e9 znaky","headline":"Glasurit Classic Expo 30.\u201331.&nbsp;10.&nbsp;2021","author":{"@id":"https:\/\/www.pravysmalt.cz\/en\/author\/verca\/#author"},"publisher":{"@id":"https:\/\/www.pravysmalt.cz\/en\/#organization"},"image":{"@type":"ImageObject","url":"https:\/\/www.pravysmalt.cz\/wp-content\/uploads\/2021\/11\/Classic-Expo-2021-9.jpeg","width":1280,"height":960,"caption":"Prav\u00fd smalt \u2022 Genuine Enamel \u2013 Classic-Expo-2021"},"datePublished":"2021-10-27T16:40:31+02:00","dateModified":"2023-04-13T10:43:02+02:00","inLanguage":"en-GB","mainEntityOfPage":{"@id":"https:\/\/www.pravysmalt.cz\/en\/glasurit-classic-expo-30-31-10-2012\/#webpage"},"isPartOf":{"@id":"https:\/\/www.pravysmalt.cz\/en\/glasurit-classic-expo-30-31-10-2012\/#webpage"},"articleSection":"Ud\u00e1losti"},{"@type":"BreadcrumbList","@id":"https:\/\/www.pravysmalt.cz\/en\/glasurit-classic-expo-30-31-10-2012\/#breadcrumblist","itemListElement":[{"@type":"ListItem","@id":"https:\/\/www.pravysmalt.cz\/en#listItem","position":1,"name":"Dom\u016f","item":"https:\/\/www.pravysmalt.cz\/en","nextItem":{"@type":"ListItem","@id":"https:\/\/www.pravysmalt.cz\/en\/category\/udalosti\/#listItem","name":"Ud\u00e1losti"}},{"@type":"ListItem","@id":"https:\/\/www.pravysmalt.cz\/en\/category\/udalosti\/#listItem","position":2,"name":"Ud\u00e1losti","item":"https:\/\/www.pravysmalt.cz\/en\/category\/udalosti\/","nextItem":{"@type":"ListItem","@id":"https:\/\/www.pravysmalt.cz\/en\/glasurit-classic-expo-30-31-10-2012\/#listItem","name":"Glasurit Classic Expo 30.\u201331.&nbsp;10.&nbsp;2021"},"previousItem":{"@type":"ListItem","@id":"https:\/\/www.pravysmalt.cz\/en#listItem","name":"Dom\u016f"}},{"@type":"ListItem","@id":"https:\/\/www.pravysmalt.cz\/en\/glasurit-classic-expo-30-31-10-2012\/#listItem","position":3,"name":"Glasurit Classic Expo 30.\u201331.&nbsp;10.&nbsp;2021","previousItem":{"@type":"ListItem","@id":"https:\/\/www.pravysmalt.cz\/en\/category\/udalosti\/#listItem","name":"Ud\u00e1losti"}}]},{"@type":"Organization","@id":"https:\/\/www.pravysmalt.cz\/en\/#organization","name":"Prav\u00fd smalt","description":"Smalt \u2022 Smaltovan\u00e9 v\u00fdrobky taven\u00e9 v peci p\u0159i teplot\u00e1ch kolem 800 \u00b0C. Plakety \u2022 chladi\u010dov\u00e9 znaky \u2022 klubov\u00e9 znaky \u2022 odznaky \u2022 plaques \u2022 cooler badges \u2022 club badges \u2022 badges","url":"https:\/\/www.pravysmalt.cz\/en\/","logo":{"@type":"ImageObject","url":"https:\/\/pravysmalt.cz\/wp-content\/uploads\/2021\/09\/pravysmaltlogo.gif","@id":"https:\/\/www.pravysmalt.cz\/en\/glasurit-classic-expo-30-31-10-2012\/#organizationLogo"},"image":{"@id":"https:\/\/www.pravysmalt.cz\/en\/glasurit-classic-expo-30-31-10-2012\/#organizationLogo"},"sameAs":["https:\/\/www.facebook.com\/pravysmalt"]},{"@type":"Person","@id":"https:\/\/www.pravysmalt.cz\/en\/author\/verca\/#author","url":"https:\/\/www.pravysmalt.cz\/en\/author\/verca\/","name":"Veronika \u0160e\u010fov\u00e1"},{"@type":"WebPage","@id":"https:\/\/www.pravysmalt.cz\/en\/glasurit-classic-expo-30-31-10-2012\/#webpage","url":"https:\/\/www.pravysmalt.cz\/en\/glasurit-classic-expo-30-31-10-2012\/","name":"Glasurit Classic Expo 30.\u201331. 10. 2021 - Prav\u00fd smalt \u2013 smaltovan\u00e9 plakety, chladi\u010dov\u00e9 a klubov\u00e9 znaky","description":"Posledn\u00ed v\u00edkend v \u0159\u00edjnu jsme vystavovali na st\u00e1nku Zbraslav\u2013J\u00edlovi\u0161t\u011b smalty na PVA Expo Praha Let\u0148any. Podrobnosti o akci.","inLanguage":"en-GB","isPartOf":{"@id":"https:\/\/www.pravysmalt.cz\/en\/#website"},"breadcrumb":{"@id":"https:\/\/www.pravysmalt.cz\/en\/glasurit-classic-expo-30-31-10-2012\/#breadcrumblist"},"author":{"@id":"https:\/\/www.pravysmalt.cz\/en\/author\/verca\/#author"},"creator":{"@id":"https:\/\/www.pravysmalt.cz\/en\/author\/verca\/#author"},"image":{"@type":"ImageObject","url":"https:\/\/www.pravysmalt.cz\/wp-content\/uploads\/2021\/11\/Classic-Expo-2021-9.jpeg","@id":"https:\/\/www.pravysmalt.cz\/en\/glasurit-classic-expo-30-31-10-2012\/#mainImage","width":1280,"height":960,"caption":"Prav\u00fd smalt \u2022 Genuine Enamel \u2013 Classic-Expo-2021"},"primaryImageOfPage":{"@id":"https:\/\/www.pravysmalt.cz\/en\/glasurit-classic-expo-30-31-10-2012\/#mainImage"},"datePublished":"2021-10-27T16:40:31+02:00","dateModified":"2023-04-13T10:43:02+02:00"},{"@type":"WebSite","@id":"https:\/\/www.pravysmalt.cz\/en\/#website","url":"https:\/\/www.pravysmalt.cz\/en\/","name":"Prav\u00fd smalt \u2013 smaltovan\u00e9 plakety, chladi\u010dov\u00e9 a klubov\u00e9 znaky","description":"Smalt \u2022 Smaltovan\u00e9 v\u00fdrobky taven\u00e9 v peci p\u0159i teplot\u00e1ch kolem 800 \u00b0C. Plakety \u2022 chladi\u010dov\u00e9 znaky \u2022 klubov\u00e9 znaky \u2022 odznaky \u2022 plaques \u2022 cooler badges \u2022 club badges \u2022 badges","inLanguage":"en-GB","publisher":{"@id":"https:\/\/www.pravysmalt.cz\/en\/#organization"}}]},"og:locale":"en_GB","og:site_name":"Prav\u00fd smalt \u2013 smaltovan\u00e9 plakety, chladi\u010dov\u00e9 a klubov\u00e9 znaky","og:type":"article","og:title":"Glasurit Classic Expo 30.\u201331. 10. 2021 - Prav\u00fd smalt \u2013 smaltovan\u00e9 plakety, chladi\u010dov\u00e9 a klubov\u00e9 znaky","og:description":"Posledn\u00ed v\u00edkend v \u0159\u00edjnu jsme vystavovali na st\u00e1nku Zbraslav\u2013J\u00edlovi\u0161t\u011b smalty na PVA Expo Praha Let\u0148any. Podrobnosti o akci.","og:url":"https:\/\/www.pravysmalt.cz\/en\/glasurit-classic-expo-30-31-10-2012\/","og:image":"https:\/\/www.pravysmalt.cz\/wp-content\/uploads\/2021\/11\/Classic-Expo-2021-9.jpeg","og:image:secure_url":"https:\/\/www.pravysmalt.cz\/wp-content\/uploads\/2021\/11\/Classic-Expo-2021-9.jpeg","og:image:width":"1280","og:image:height":"960","article:section":"Ud\u00e1losti","article:published_time":"2021-10-27T14:40:31+00:00","article:modified_time":"2023-04-13T08:43:02+00:00","article:publisher":"https:\/\/www.facebook.com\/pravysmalt","twitter:card":"summary_large_image","twitter:title":"Glasurit Classic Expo 30.\u201331. 10. 2021 - Prav\u00fd smalt \u2013 smaltovan\u00e9 plakety, chladi\u010dov\u00e9 a klubov\u00e9 znaky","twitter:description":"Posledn\u00ed v\u00edkend v \u0159\u00edjnu jsme vystavovali na st\u00e1nku Zbraslav\u2013J\u00edlovi\u0161t\u011b smalty na PVA Expo Praha Let\u0148any. Podrobnosti o akci.","twitter:image":"https:\/\/www.pravysmalt.cz\/wp-content\/uploads\/2021\/11\/Classic-Expo-2021-9.jpeg","twitter:label1":"Written by","twitter:data1":"Veronika \u0160e\u010fov\u00e1"},"aioseo_meta_data":{"post_id":"521","title":null,"description":null,"keywords":[],"keyphrases":{"focus":[],"additional":[]},"primary_term":null,"canonical_url":null,"og_title":null,"og_description":null,"og_object_type":"default","og_image_type":"featured","og_image_url":"https:\/\/www.pravysmalt.cz\/wp-content\/uploads\/2021\/11\/Classic-Expo-2021-9.jpeg","og_image_width":"1280","og_image_height":"960","og_image_custom_url":null,"og_image_custom_fields":null,"og_video":"","og_custom_url":null,"og_article_section":"Ud\u00e1losti","og_article_tags":[],"twitter_use_og":true,"twitter_card":"default","twitter_image_type":"default","twitter_image_url":null,"twitter_image_custom_url":null,"twitter_image_custom_fields":null,"twitter_title":null,"twitter_description":null,"schema":{"blockGraphs":[],"customGraphs":[],"default":{"data":{"Article":[],"Course":[],"Dataset":[],"FAQPage":[],"Movie":[],"Person":[],"Product":[],"ProductReview":[],"Car":[],"Recipe":[],"Service":[],"SoftwareApplication":[],"WebPage":[]},"graphName":"Article","isEnabled":true},"graphs":[]},"schema_type":"default","schema_type_options":null,"pillar_content":false,"robots_default":true,"robots_noindex":false,"robots_noarchive":false,"robots_nosnippet":false,"robots_nofollow":false,"robots_noimageindex":false,"robots_noodp":false,"robots_notranslate":false,"robots_max_snippet":"-1","robots_max_videopreview":"-1","robots_max_imagepreview":"large","priority":null,"frequency":"default","local_seo":null,"breadcrumb_settings":null,"limit_modified_date":false,"ai":null,"created":"2023-03-29 13:55:12","updated":"2026-08-31 10:23:20","focus_keyword":null,"additional_keywords":null,"truseo_locale":null,"seo_analyzer_scan_date":null},"aioseo_breadcrumb":"<div class=\"aioseo-breadcrumbs\"><span class=\"aioseo-breadcrumb\">\n\t\t\t<a href=\"https:\/\/www.pravysmalt.cz\/en\" title=\"Dom\u016f\">Dom\u016f<\/a>\n\t\t<\/span><span class=\"aioseo-breadcrumb-separator\">&raquo;<\/span><span class=\"aioseo-breadcrumb\">\n\t\t\t<a href=\"https:\/\/www.pravysmalt.cz\/en\/category\/udalosti\/\" title=\"Ud\u00e1losti\">Ud\u00e1losti<\/a>\n\t\t<\/span><span class=\"aioseo-breadcrumb-separator\">&raquo;<\/span><span class=\"aioseo-breadcrumb\">\n\t\t\tGlasurit Classic Expo 30.\u201331. 10. 2021\n\t\t<\/span><\/div>","aioseo_breadcrumb_json":[{"label":"Dom\u016f","link":"https:\/\/www.pravysmalt.cz\/en"},{"label":"Ud\u00e1losti","link":"https:\/\/www.pravysmalt.cz\/en\/category\/udalosti\/"},{"label":"Glasurit Classic Expo 30.\u201331.&nbsp;10.&nbsp;2021","link":"https:\/\/www.pravysmalt.cz\/en\/glasurit-classic-expo-30-31-10-2012\/"}],"taxonomy_info":{"category":[{"value":92,"label":"Ud\u00e1losti"}]},"featured_image_src_large":["https:\/\/www.pravysmalt.cz\/wp-content\/uploads\/2021\/11\/Classic-Expo-2021-9-1024x768.jpeg",1024,768,true],"author_info":{"display_name":"Veronika \u0160e\u010fov\u00e1","author_link":"https:\/\/www.pravysmalt.cz\/en\/author\/verca\/"},"comment_info":0,"category_info":[{"term_id":92,"name":"Ud\u00e1losti","slug":"udalosti","term_group":0,"term_taxonomy_id":92,"taxonomy":"category","description":"","parent":0,"count":3,"filter":"raw","cat_ID":92,"category_count":3,"category_description":"","cat_name":"Ud\u00e1losti","category_nicename":"udalosti","category_parent":0}],"tag_info":false,"_links":{"self":[{"href":"https:\/\/www.pravysmalt.cz\/en\/wp-json\/wp\/v2\/posts\/521","targetHints":{"allow":["GET"]}}],"collection":[{"href":"https:\/\/www.pravysmalt.cz\/en\/wp-json\/wp\/v2\/posts"}],"about":[{"href":"https:\/\/www.pravysmalt.cz\/en\/wp-json\/wp\/v2\/types\/post"}],"author":[{"embeddable":true,"href":"https:\/\/www.pravysmalt.cz\/en\/wp-json\/wp\/v2\/users\/2"}],"replies":[{"embeddable":true,"href":"https:\/\/www.pravysmalt.cz\/en\/wp-json\/wp\/v2\/comments?post=521"}],"version-history":[{"count":0,"href":"https:\/\/www.pravysmalt.cz\/en\/wp-json\/wp\/v2\/posts\/521\/revisions"}],"wp:featuredmedia":[{"embeddable":true,"href":"https:\/\/www.pravysmalt.cz\/en\/wp-json\/wp\/v2\/media\/576"}],"wp:attachment":[{"href":"https:\/\/www.pravysmalt.cz\/en\/wp-json\/wp\/v2\/media?parent=521"}],"wp:term":[{"taxonomy":"category","embeddable":true,"href":"https:\/\/www.pravysmalt.cz\/en\/wp-json\/wp\/v2\/categories?post=521"},{"taxonomy":"post_tag","embeddable":true,"href":"https:\/\/www.pravysmalt.cz\/en\/wp-json\/wp\/v2\/tags?post=521"}],"curies":[{"name":"wp","href":"https:\/\/api.w.org\/{rel}","templated":true}]}}