{"id":6118,"date":"2025-09-03T19:21:01","date_gmt":"2025-09-03T17:21:01","guid":{"rendered":"https:\/\/www.pravysmalt.cz\/?p=6118"},"modified":"2025-09-03T20:11:27","modified_gmt":"2025-09-03T18:11:27","slug":"brno-sobesice-2025","status":"publish","type":"post","link":"https:\/\/www.pravysmalt.cz\/en\/brno-sobesice-2025\/","title":{"rendered":"Brno\u2013Sobesice 2025"},"content":{"rendered":"\n<div class=\"wp-block-columns is-layout-flex wp-container-core-columns-is-layout-8f761849 wp-block-columns-is-layout-flex\">\n<div class=\"wp-block-column is-layout-flow wp-block-column-is-layout-flow\"><style>.wp-block-kadence-advancedgallery .kb-gallery-type-masonry.kb-gallery-id-6118_c2146b-0b{margin:-5px;}.kb-gallery-type-masonry.kb-gallery-id-6118_c2146b-0b .kadence-blocks-gallery-item{padding:5px;}.kb-gallery-id-6118_c2146b-0b .kadence-blocks-gallery-item .kb-gal-image-radius, .kb-gallery-id-6118_c2146b-0b .kb-slide-item .kb-gal-image-radius img{border-radius:0px 0px 0px 0px;;}<\/style><div class=\"kb-gallery-wrap-id-6118_c2146b-0b alignnone wp-block-kadence-advancedgallery\"><ul class=\"kb-gallery-ul kb-gallery-non-static kb-gallery-type-masonry kb-masonry-init kb-gallery-id-6118_c2146b-0b kb-gallery-caption-style-bottom-hover kb-gallery-filter-none\" data-image-filter=\"none\" data-item-selector=\".kadence-blocks-gallery-item\" data-lightbox-caption=\"true\" data-columns-xxl=\"1\" data-columns-xl=\"1\" data-columns-md=\"1\" data-columns-sm=\"1\" data-columns-xs=\"1\" data-columns-ss=\"1\"><li class=\"kadence-blocks-gallery-item\" tabindex=\"0\"><div class=\"kadence-blocks-gallery-item-inner\"><figure class=\"kb-gallery-figure kadence-blocks-gallery-item-hide-caption\"><div class=\"kb-gal-image-radius\" style=\"max-width:768px;\"><div class=\"kb-gallery-image-contain kadence-blocks-gallery-intrinsic\" style=\"padding-bottom:133%;\"><img loading=\"lazy\" decoding=\"async\" src=\"https:\/\/www.pravysmalt.cz\/wp-content\/uploads\/2025\/09\/IMG_5151-1-768x1024.jpeg\" width=\"768\" height=\"1024\" alt=\"\" data-full-image=\"https:\/\/www.pravysmalt.cz\/wp-content\/uploads\/2025\/09\/IMG_5151-1.jpeg\" data-light-image=\"https:\/\/www.pravysmalt.cz\/wp-content\/uploads\/2025\/09\/IMG_5151-1.jpeg\" data-id=\"6127\" class=\"wp-image-6127\" srcset=\"https:\/\/www.pravysmalt.cz\/wp-content\/uploads\/2025\/09\/IMG_5151-1-768x1024.jpeg 768w, https:\/\/www.pravysmalt.cz\/wp-content\/uploads\/2025\/09\/IMG_5151-1-225x300.jpeg 225w, https:\/\/www.pravysmalt.cz\/wp-content\/uploads\/2025\/09\/IMG_5151-1-1152x1536.jpeg 1152w, https:\/\/www.pravysmalt.cz\/wp-content\/uploads\/2025\/09\/IMG_5151-1-1536x2048.jpeg 1536w, https:\/\/www.pravysmalt.cz\/wp-content\/uploads\/2025\/09\/IMG_5151-1.jpeg 1774w\" sizes=\"auto, (max-width: 768px) 100vw, 768px\" \/><\/div><\/div><\/figure><\/div><\/li><\/ul><\/div><\/div>\n\n\n\n<div class=\"wp-block-column is-layout-flow wp-block-column-is-layout-flow\">\n<h1>Upom\u00ednkov\u00e1 plaketa <a href=\"https:\/\/www.veteranbrno.cz\/brno-sobesice\/brno-sobesice-2025\/\" target=\"_blank\" rel=\"noopener\">Brno\u2013Sob\u011b\u0161ice 2025<\/a><\/h1>\n<p>K&nbsp;n\u00e1vrhu byl pou\u017eit motiv z&nbsp;plak\u00e1tu od Toma Havl\u00e1ska na rok 2025.\u00a0<br \/>Plaketa je z&nbsp;tombaku a&nbsp;\u0161perka\u0159sk\u00e9ho smaltu, rozm\u011br 52\u00d780 mm, cena 3500&nbsp;K\u010d<\/p>\n<\/div>\n<\/div>\n\n\n<style>.wp-block-kadence-advancedbtn.kb-btns6118_9e8eb5-b8{gap:var(--global-kb-gap-xs, 0.5rem );justify-content:center;align-items:center;}.kt-btns6118_9e8eb5-b8 .kt-button{font-weight:normal;font-style:normal;}.kt-btns6118_9e8eb5-b8 .kt-btn-wrap-0{margin-right:5px;}.wp-block-kadence-advancedbtn.kt-btns6118_9e8eb5-b8 .kt-btn-wrap-0 .kt-button{color:#555555;border-color:#555555;}.wp-block-kadence-advancedbtn.kt-btns6118_9e8eb5-b8 .kt-btn-wrap-0 .kt-button:hover, .wp-block-kadence-advancedbtn.kt-btns6118_9e8eb5-b8 .kt-btn-wrap-0 .kt-button:focus{color:#ffffff;border-color:#444444;}.wp-block-kadence-advancedbtn.kt-btns6118_9e8eb5-b8 .kt-btn-wrap-0 .kt-button::before{display:none;}.wp-block-kadence-advancedbtn.kt-btns6118_9e8eb5-b8 .kt-btn-wrap-0 .kt-button:hover, .wp-block-kadence-advancedbtn.kt-btns6118_9e8eb5-b8 .kt-btn-wrap-0 .kt-button:focus{background:#444444;}<\/style>\n<div class=\"wp-block-kadence-advancedbtn kb-buttons-wrap kb-btns6118_9e8eb5-b8\"><style>ul.menu .wp-block-kadence-advancedbtn .kb-btn6118_0a810c-d6.kb-button{width:initial;}<\/style><a class=\"kb-button kt-button button kb-btn6118_0a810c-d6 kt-btn-size-standard kt-btn-width-type-auto kb-btn-global-fill kt-btn-has-text-true kt-btn-has-svg-false wp-block-kadence-singlebtn\" href=\"https:\/\/www.veteranbrno.cz\/brno-sobesice\/brno-sobesice-2025\/\" target=\"_blank\" rel=\"noreferrer noopener\"><span class=\"kt-btn-inner-text\">Brno\u2013Sob\u011b\u0161ice 2025<\/span><\/a><\/div>\n\n\n<style>.wp-block-kadence-advancedgallery .kb-gallery-type-grid.kb-gallery-id-6118_1d0f0b-ac{margin:-5px;}.kb-gallery-type-grid.kb-gallery-id-6118_1d0f0b-ac .kadence-blocks-gallery-item{padding:5px;}.kb-gallery-id-6118_1d0f0b-ac .kadence-blocks-gallery-item .kb-gal-image-radius, .kb-gallery-id-6118_1d0f0b-ac .kb-slide-item .kb-gal-image-radius img{border-radius:0px 0px 0px 0px;;}<\/style><div class=\"kb-gallery-wrap-id-6118_1d0f0b-ac alignnone wp-block-kadence-advancedgallery\"><ul class=\"kb-gallery-ul kb-gallery-non-static kb-gallery-type-grid kb-gallery-id-6118_1d0f0b-ac kb-gallery-caption-style-bottom-hover kb-gallery-filter-none kb-gallery-magnific-init\" data-image-filter=\"none\" data-item-selector=\".kadence-blocks-gallery-item\" data-lightbox-caption=\"true\" data-columns-xxl=\"3\" data-columns-xl=\"3\" data-columns-md=\"3\" data-columns-sm=\"2\" data-columns-xs=\"1\" data-columns-ss=\"1\"><li class=\"kadence-blocks-gallery-item\"><div class=\"kadence-blocks-gallery-item-inner\"><figure class=\"kb-gallery-figure kb-gallery-item-has-link kadence-blocks-gallery-item-hide-caption\"><a href=\"https:\/\/www.pravysmalt.cz\/wp-content\/uploads\/2025\/09\/IMG_5150-scaled.jpeg\" class=\"kb-gallery-item-link\"   role=\"button\" aria-haspopup=\"dialog\"><div class=\"kb-gal-image-radius\"><div class=\"kb-gallery-image-contain kadence-blocks-gallery-intrinsic kb-gallery-image-ratio-square kb-has-image-ratio-square\" ><img loading=\"lazy\" decoding=\"async\" src=\"https:\/\/www.pravysmalt.cz\/wp-content\/uploads\/2025\/09\/IMG_5150-225x300.jpeg\" width=\"225\" height=\"300\" alt=\"\" data-full-image=\"https:\/\/www.pravysmalt.cz\/wp-content\/uploads\/2025\/09\/IMG_5150-scaled.jpeg\" data-light-image=\"https:\/\/www.pravysmalt.cz\/wp-content\/uploads\/2025\/09\/IMG_5150-scaled.jpeg\" data-id=\"6124\" class=\"wp-image-6124\" srcset=\"https:\/\/www.pravysmalt.cz\/wp-content\/uploads\/2025\/09\/IMG_5150-225x300.jpeg 225w, https:\/\/www.pravysmalt.cz\/wp-content\/uploads\/2025\/09\/IMG_5150-768x1024.jpeg 768w, https:\/\/www.pravysmalt.cz\/wp-content\/uploads\/2025\/09\/IMG_5150-1152x1536.jpeg 1152w, https:\/\/www.pravysmalt.cz\/wp-content\/uploads\/2025\/09\/IMG_5150-1536x2048.jpeg 1536w, https:\/\/www.pravysmalt.cz\/wp-content\/uploads\/2025\/09\/IMG_5150-scaled.jpeg 1920w\" sizes=\"auto, (max-width: 225px) 100vw, 225px\" \/><\/div><\/div><\/a><\/figure><\/div><\/li><li class=\"kadence-blocks-gallery-item\"><div class=\"kadence-blocks-gallery-item-inner\"><figure class=\"kb-gallery-figure kb-gallery-item-has-link kadence-blocks-gallery-item-hide-caption\"><a href=\"https:\/\/www.pravysmalt.cz\/wp-content\/uploads\/2025\/09\/IMG_5144-scaled.jpeg\" class=\"kb-gallery-item-link\"   role=\"button\" aria-haspopup=\"dialog\"><div class=\"kb-gal-image-radius\"><div class=\"kb-gallery-image-contain kadence-blocks-gallery-intrinsic kb-gallery-image-ratio-square kb-has-image-ratio-square\" ><img loading=\"lazy\" decoding=\"async\" src=\"https:\/\/www.pravysmalt.cz\/wp-content\/uploads\/2025\/09\/IMG_5144-225x300.jpeg\" width=\"225\" height=\"300\" alt=\"\" data-full-image=\"https:\/\/www.pravysmalt.cz\/wp-content\/uploads\/2025\/09\/IMG_5144-scaled.jpeg\" data-light-image=\"https:\/\/www.pravysmalt.cz\/wp-content\/uploads\/2025\/09\/IMG_5144-scaled.jpeg\" data-id=\"6123\" class=\"wp-image-6123\" srcset=\"https:\/\/www.pravysmalt.cz\/wp-content\/uploads\/2025\/09\/IMG_5144-225x300.jpeg 225w, https:\/\/www.pravysmalt.cz\/wp-content\/uploads\/2025\/09\/IMG_5144-768x1024.jpeg 768w, https:\/\/www.pravysmalt.cz\/wp-content\/uploads\/2025\/09\/IMG_5144-1152x1536.jpeg 1152w, https:\/\/www.pravysmalt.cz\/wp-content\/uploads\/2025\/09\/IMG_5144-1536x2048.jpeg 1536w, https:\/\/www.pravysmalt.cz\/wp-content\/uploads\/2025\/09\/IMG_5144-scaled.jpeg 1920w\" sizes=\"auto, (max-width: 225px) 100vw, 225px\" \/><\/div><\/div><\/a><\/figure><\/div><\/li><li class=\"kadence-blocks-gallery-item\"><div class=\"kadence-blocks-gallery-item-inner\"><figure class=\"kb-gallery-figure kb-gallery-item-has-link kadence-blocks-gallery-item-hide-caption\"><a href=\"https:\/\/www.pravysmalt.cz\/wp-content\/uploads\/2025\/09\/IMG_5143-scaled.jpeg\" class=\"kb-gallery-item-link\"   role=\"button\" aria-haspopup=\"dialog\"><div class=\"kb-gal-image-radius\"><div class=\"kb-gallery-image-contain kadence-blocks-gallery-intrinsic kb-gallery-image-ratio-square kb-has-image-ratio-square\" ><img loading=\"lazy\" decoding=\"async\" src=\"https:\/\/www.pravysmalt.cz\/wp-content\/uploads\/2025\/09\/IMG_5143-300x225.jpeg\" width=\"300\" height=\"225\" alt=\"\" data-full-image=\"https:\/\/www.pravysmalt.cz\/wp-content\/uploads\/2025\/09\/IMG_5143-scaled.jpeg\" data-light-image=\"https:\/\/www.pravysmalt.cz\/wp-content\/uploads\/2025\/09\/IMG_5143-scaled.jpeg\" data-id=\"6122\" class=\"wp-image-6122\" srcset=\"https:\/\/www.pravysmalt.cz\/wp-content\/uploads\/2025\/09\/IMG_5143-300x225.jpeg 300w, https:\/\/www.pravysmalt.cz\/wp-content\/uploads\/2025\/09\/IMG_5143-1024x768.jpeg 1024w, https:\/\/www.pravysmalt.cz\/wp-content\/uploads\/2025\/09\/IMG_5143-768x576.jpeg 768w, https:\/\/www.pravysmalt.cz\/wp-content\/uploads\/2025\/09\/IMG_5143-1536x1152.jpeg 1536w, https:\/\/www.pravysmalt.cz\/wp-content\/uploads\/2025\/09\/IMG_5143-2048x1536.jpeg 2048w\" sizes=\"auto, (max-width: 300px) 100vw, 300px\" \/><\/div><\/div><\/a><\/figure><\/div><\/li><\/ul><\/div>\n\n<div class=\"wpforms-container wpforms-container-full wpforms-block wpforms-block-6f568318-1843-4a48-ae93-8899a4beeaf4\" id=\"wpforms-936\"><form id=\"wpforms-form-936\" class=\"wpforms-validate wpforms-form\" data-formid=\"936\" method=\"post\" enctype=\"multipart\/form-data\" action=\"\/en\/wp-json\/wp\/v2\/posts\/6118\" data-token=\"83c6ec93772b4e6872555f0c43f194e4\" data-token-time=\"1788242436\"><noscript class=\"wpforms-error-noscript\">Please enable JavaScript in your browser to complete this form.<\/noscript><div class=\"wpforms-field-container\"><div id=\"wpforms-936-field_0-container\" class=\"wpforms-field wpforms-field-name\" data-field-id=\"0\"><label class=\"wpforms-field-label\">Jm\u00e9no\/Name<\/label><div class=\"wpforms-field-row wpforms-field-medium\"><div class=\"wpforms-field-row-block wpforms-first wpforms-one-half\"><input type=\"text\" id=\"wpforms-936-field_0\" class=\"wpforms-field-name-first\" name=\"wpforms[fields][0][first]\" ><label for=\"wpforms-936-field_0\" class=\"wpforms-field-sublabel after\">First<\/label><\/div><div class=\"wpforms-field-row-block wpforms-one-half\"><input type=\"text\" id=\"wpforms-936-field_0-last\" class=\"wpforms-field-name-last\" name=\"wpforms[fields][0][last]\" ><label for=\"wpforms-936-field_0-last\" class=\"wpforms-field-sublabel after\">Last<\/label><\/div><\/div><\/div><div id=\"wpforms-936-field_1-container\" class=\"wpforms-field wpforms-field-email\" data-field-id=\"1\"><label class=\"wpforms-field-label\" for=\"wpforms-936-field_1\">Email <span class=\"wpforms-required-label\">*<\/span><\/label><input type=\"email\" id=\"wpforms-936-field_1\" class=\"wpforms-field-medium wpforms-field-required\" name=\"wpforms[fields][1]\" spellcheck=\"false\" required><\/div><div id=\"wpforms-936-field_2-container\" class=\"wpforms-field wpforms-field-textarea\" data-field-id=\"2\"><label class=\"wpforms-field-label\" for=\"wpforms-936-field_2\">Zpr\u00e1va\/Message <span class=\"wpforms-required-label\">*<\/span><\/label><textarea id=\"wpforms-936-field_2\" class=\"wpforms-field-medium wpforms-field-required\" name=\"wpforms[fields][2]\" required><\/textarea><\/div><\/div><!-- .wpforms-field-container --><div class=\"wpforms-field wpforms-field-hp\"><label for=\"wpforms-936-field-hp\" class=\"wpforms-field-label\">Website<\/label><input type=\"text\" name=\"wpforms[hp]\" id=\"wpforms-936-field-hp\" class=\"wpforms-field-medium\"><\/div><div class=\"wpforms-recaptcha-container wpforms-is-recaptcha wpforms-is-recaptcha-type-v3\" ><input type=\"hidden\" name=\"wpforms[recaptcha]\" value=\"\"><\/div><div class=\"wpforms-submit-container\" ><input type=\"hidden\" name=\"wpforms[id]\" value=\"936\"><input type=\"hidden\" name=\"page_title\" value=\"\"><input type=\"hidden\" name=\"page_url\" value=\"https:\/\/www.pravysmalt.cz\/en\/wp-json\/wp\/v2\/posts\/6118\"><input type=\"hidden\" name=\"url_referer\" value=\"\"><button type=\"submit\" name=\"wpforms[submit]\" id=\"wpforms-submit-936\" class=\"wpforms-submit\" data-alt-text=\"Odes\u00edl\u00e1m... Sending...\" data-submit-text=\"Odeslat \/ Send\" aria-live=\"assertive\" value=\"wpforms-submit\">Odeslat \/ Send<\/button><\/div><\/form><\/div>  <!-- .wpforms-container -->","protected":false},"excerpt":{"rendered":"<p>Commemorative plaque Brno\u2013Sob\u011b\u0161ice 2025 The design used a motif from a poster by Tom Havl\u00e1sek for the year 2025. The plaque is made of tombac and jewelry enamel, dimensions 52\u00d780 mm, price 3,500 CZK<\/p>","protected":false},"author":2,"featured_media":6125,"comment_status":"closed","ping_status":"closed","sticky":false,"template":"","format":"standard","meta":{"_kad_blocks_custom_css":"","_kad_blocks_head_custom_js":"","_kad_blocks_body_custom_js":"","_kad_blocks_footer_custom_js":"","_kad_post_transparent":"default","_kad_post_title":"default","_kad_post_layout":"default","_kad_post_sidebar_id":"","_kad_post_content_style":"default","_kad_post_vertical_padding":"default","_kad_post_feature":"","_kad_post_feature_position":"","_kad_post_header":false,"_kad_post_footer":false,"_kad_post_classname":"","footnotes":""},"categories":[108],"tags":[],"class_list":["post-6118","post","type-post","status-publish","format-standard","has-post-thumbnail","hentry","category-plakety"],"aioseo_notices":[],"aioseo_head":"\n\t\t<!-- All in One SEO 5.0.1.1 - aioseo.com -->\n\t<meta name=\"description\" content=\"Upom\u00ednkov\u00e1 plaketa Brno\u2013Sob\u011b\u0161ice 2025 K n\u00e1vrhu byl pou\u017eit motiv z plak\u00e1tu od Toma Havl\u00e1ska na rok 2025. Plaketa je z tombaku a \u0161perka\u0159sk\u00e9ho smaltu, rozm\u011br 52\u00d780 mm, cena 3500 K\u010d\" \/>\n\t<meta name=\"robots\" content=\"max-image-preview:large\" \/>\n\t<meta name=\"author\" content=\"Veronika \u0160e\u010fov\u00e1\"\/>\n\t<meta name=\"google-site-verification\" content=\"lJ-HXsYqf-P7vOZotOtf8UtEmv8CwZ5kbUP40sCnRBc\" \/>\n\t<link rel=\"canonical\" href=\"https:\/\/www.pravysmalt.cz\/en\/brno-sobesice-2025\/\" \/>\n\t<meta name=\"generator\" content=\"All in One SEO (AIOSEO) 5.0.1.1\" \/>\n\t\t<meta property=\"og:locale\" content=\"en_GB\" \/>\n\t\t<meta property=\"og:site_name\" content=\"Prav\u00fd smalt \u2013 smaltovan\u00e9 plakety, chladi\u010dov\u00e9 a klubov\u00e9 znaky\" \/>\n\t\t<meta property=\"og:type\" content=\"article\" \/>\n\t\t<meta property=\"og:title\" content=\"Brno\u2013Sob\u011b\u0161ice 2025 - Prav\u00fd smalt \u2013 smaltovan\u00e9 plakety, chladi\u010dov\u00e9 a klubov\u00e9 znaky\" \/>\n\t\t<meta property=\"og:description\" content=\"Upom\u00ednkov\u00e1 plaketa Brno\u2013Sob\u011b\u0161ice 2025 K n\u00e1vrhu byl pou\u017eit motiv z plak\u00e1tu od Toma Havl\u00e1ska na rok 2025. Plaketa je z tombaku a \u0161perka\u0159sk\u00e9ho smaltu, rozm\u011br 52\u00d780 mm, cena 3500 K\u010d\" \/>\n\t\t<meta property=\"og:url\" content=\"https:\/\/www.pravysmalt.cz\/en\/brno-sobesice-2025\/\" \/>\n\t\t<meta property=\"og:image\" content=\"https:\/\/www.pravysmalt.cz\/wp-content\/uploads\/2025\/09\/IMG_5151.jpeg\" \/>\n\t\t<meta property=\"og:image:secure_url\" content=\"https:\/\/www.pravysmalt.cz\/wp-content\/uploads\/2025\/09\/IMG_5151.jpeg\" \/>\n\t\t<meta property=\"og:image:width\" content=\"1774\" \/>\n\t\t<meta property=\"og:image:height\" content=\"2366\" \/>\n\t\t<meta property=\"article:published_time\" content=\"2025-09-03T17:21:01+00:00\" \/>\n\t\t<meta property=\"article:modified_time\" content=\"2025-09-03T18:11:27+00:00\" \/>\n\t\t<meta property=\"article:publisher\" content=\"https:\/\/www.facebook.com\/pravysmalt\" \/>\n\t\t<meta name=\"twitter:card\" content=\"summary_large_image\" \/>\n\t\t<meta name=\"twitter:title\" content=\"Brno\u2013Sob\u011b\u0161ice 2025 - Prav\u00fd smalt \u2013 smaltovan\u00e9 plakety, chladi\u010dov\u00e9 a klubov\u00e9 znaky\" \/>\n\t\t<meta name=\"twitter:description\" content=\"Upom\u00ednkov\u00e1 plaketa Brno\u2013Sob\u011b\u0161ice 2025 K n\u00e1vrhu byl pou\u017eit motiv z plak\u00e1tu od Toma Havl\u00e1ska na rok 2025. Plaketa je z tombaku a \u0161perka\u0159sk\u00e9ho smaltu, rozm\u011br 52\u00d780 mm, cena 3500 K\u010d\" \/>\n\t\t<meta name=\"twitter:image\" content=\"https:\/\/www.pravysmalt.cz\/wp-content\/uploads\/2025\/09\/IMG_5151.jpeg\" \/>\n\t\t<meta name=\"twitter:label1\" content=\"Written by\" \/>\n\t\t<meta name=\"twitter:data1\" content=\"Veronika \u0160e\u010fov\u00e1\" \/>\n\t\t<script type=\"application\/ld+json\" class=\"aioseo-schema\">\n\t\t\t{\"@context\":\"https:\\\/\\\/schema.org\",\"@graph\":[{\"@type\":\"Article\",\"@id\":\"https:\\\/\\\/www.pravysmalt.cz\\\/en\\\/brno-sobesice-2025\\\/#article\",\"name\":\"Brno\\u2013Sob\\u011b\\u0161ice 2025 - Prav\\u00fd smalt \\u2013 smaltovan\\u00e9 plakety, chladi\\u010dov\\u00e9 a klubov\\u00e9 znaky\",\"headline\":\"Brno\\u2013Sob\\u011b\\u0161ice 2025\",\"author\":{\"@id\":\"https:\\\/\\\/www.pravysmalt.cz\\\/en\\\/author\\\/verca\\\/#author\"},\"publisher\":{\"@id\":\"https:\\\/\\\/www.pravysmalt.cz\\\/en\\\/#organization\"},\"image\":{\"@type\":\"ImageObject\",\"url\":\"https:\\\/\\\/www.pravysmalt.cz\\\/wp-content\\\/uploads\\\/2025\\\/09\\\/IMG_5151.jpeg\",\"width\":1774,\"height\":2366},\"datePublished\":\"2025-09-03T19:21:01+02:00\",\"dateModified\":\"2025-09-03T20:11:27+02:00\",\"inLanguage\":\"en-GB\",\"mainEntityOfPage\":{\"@id\":\"https:\\\/\\\/www.pravysmalt.cz\\\/en\\\/brno-sobesice-2025\\\/#webpage\"},\"isPartOf\":{\"@id\":\"https:\\\/\\\/www.pravysmalt.cz\\\/en\\\/brno-sobesice-2025\\\/#webpage\"},\"articleSection\":\"Plakety\"},{\"@type\":\"BreadcrumbList\",\"@id\":\"https:\\\/\\\/www.pravysmalt.cz\\\/en\\\/brno-sobesice-2025\\\/#breadcrumblist\",\"itemListElement\":[{\"@type\":\"ListItem\",\"@id\":\"https:\\\/\\\/www.pravysmalt.cz\\\/en#listItem\",\"position\":1,\"name\":\"Dom\\u016f\",\"item\":\"https:\\\/\\\/www.pravysmalt.cz\\\/en\",\"nextItem\":{\"@type\":\"ListItem\",\"@id\":\"https:\\\/\\\/www.pravysmalt.cz\\\/en\\\/category\\\/plakety\\\/#listItem\",\"name\":\"Plakety\"}},{\"@type\":\"ListItem\",\"@id\":\"https:\\\/\\\/www.pravysmalt.cz\\\/en\\\/category\\\/plakety\\\/#listItem\",\"position\":2,\"name\":\"Plakety\",\"item\":\"https:\\\/\\\/www.pravysmalt.cz\\\/en\\\/category\\\/plakety\\\/\",\"nextItem\":{\"@type\":\"ListItem\",\"@id\":\"https:\\\/\\\/www.pravysmalt.cz\\\/en\\\/brno-sobesice-2025\\\/#listItem\",\"name\":\"Brno\\u2013Sob\\u011b\\u0161ice 2025\"},\"previousItem\":{\"@type\":\"ListItem\",\"@id\":\"https:\\\/\\\/www.pravysmalt.cz\\\/en#listItem\",\"name\":\"Dom\\u016f\"}},{\"@type\":\"ListItem\",\"@id\":\"https:\\\/\\\/www.pravysmalt.cz\\\/en\\\/brno-sobesice-2025\\\/#listItem\",\"position\":3,\"name\":\"Brno\\u2013Sob\\u011b\\u0161ice 2025\",\"previousItem\":{\"@type\":\"ListItem\",\"@id\":\"https:\\\/\\\/www.pravysmalt.cz\\\/en\\\/category\\\/plakety\\\/#listItem\",\"name\":\"Plakety\"}}]},{\"@type\":\"Organization\",\"@id\":\"https:\\\/\\\/www.pravysmalt.cz\\\/en\\\/#organization\",\"name\":\"Prav\\u00fd smalt\",\"description\":\"Smalt \\u2022 Smaltovan\\u00e9 v\\u00fdrobky taven\\u00e9 v peci p\\u0159i teplot\\u00e1ch kolem 800 \\u00b0C. Plakety \\u2022 chladi\\u010dov\\u00e9 znaky \\u2022 klubov\\u00e9 znaky \\u2022 odznaky \\u2022 plaques \\u2022 cooler badges \\u2022 club badges \\u2022 badges\",\"url\":\"https:\\\/\\\/www.pravysmalt.cz\\\/en\\\/\",\"logo\":{\"@type\":\"ImageObject\",\"url\":\"https:\\\/\\\/pravysmalt.cz\\\/wp-content\\\/uploads\\\/2021\\\/09\\\/pravysmaltlogo.gif\",\"@id\":\"https:\\\/\\\/www.pravysmalt.cz\\\/en\\\/brno-sobesice-2025\\\/#organizationLogo\"},\"image\":{\"@id\":\"https:\\\/\\\/www.pravysmalt.cz\\\/en\\\/brno-sobesice-2025\\\/#organizationLogo\"},\"sameAs\":[\"https:\\\/\\\/www.facebook.com\\\/pravysmalt\"]},{\"@type\":\"Person\",\"@id\":\"https:\\\/\\\/www.pravysmalt.cz\\\/en\\\/author\\\/verca\\\/#author\",\"url\":\"https:\\\/\\\/www.pravysmalt.cz\\\/en\\\/author\\\/verca\\\/\",\"name\":\"Veronika \\u0160e\\u010fov\\u00e1\"},{\"@type\":\"WebPage\",\"@id\":\"https:\\\/\\\/www.pravysmalt.cz\\\/en\\\/brno-sobesice-2025\\\/#webpage\",\"url\":\"https:\\\/\\\/www.pravysmalt.cz\\\/en\\\/brno-sobesice-2025\\\/\",\"name\":\"Brno\\u2013Sob\\u011b\\u0161ice 2025 - Prav\\u00fd smalt \\u2013 smaltovan\\u00e9 plakety, chladi\\u010dov\\u00e9 a klubov\\u00e9 znaky\",\"description\":\"Upom\\u00ednkov\\u00e1 plaketa Brno\\u2013Sob\\u011b\\u0161ice 2025 K n\\u00e1vrhu byl pou\\u017eit motiv z plak\\u00e1tu od Toma Havl\\u00e1ska na rok 2025. Plaketa je z tombaku a \\u0161perka\\u0159sk\\u00e9ho smaltu, rozm\\u011br 52\\u00d780 mm, cena 3500 K\\u010d\",\"inLanguage\":\"en-GB\",\"isPartOf\":{\"@id\":\"https:\\\/\\\/www.pravysmalt.cz\\\/en\\\/#website\"},\"breadcrumb\":{\"@id\":\"https:\\\/\\\/www.pravysmalt.cz\\\/en\\\/brno-sobesice-2025\\\/#breadcrumblist\"},\"author\":{\"@id\":\"https:\\\/\\\/www.pravysmalt.cz\\\/en\\\/author\\\/verca\\\/#author\"},\"creator\":{\"@id\":\"https:\\\/\\\/www.pravysmalt.cz\\\/en\\\/author\\\/verca\\\/#author\"},\"image\":{\"@type\":\"ImageObject\",\"url\":\"https:\\\/\\\/www.pravysmalt.cz\\\/wp-content\\\/uploads\\\/2025\\\/09\\\/IMG_5151.jpeg\",\"@id\":\"https:\\\/\\\/www.pravysmalt.cz\\\/en\\\/brno-sobesice-2025\\\/#mainImage\",\"width\":1774,\"height\":2366},\"primaryImageOfPage\":{\"@id\":\"https:\\\/\\\/www.pravysmalt.cz\\\/en\\\/brno-sobesice-2025\\\/#mainImage\"},\"datePublished\":\"2025-09-03T19:21:01+02:00\",\"dateModified\":\"2025-09-03T20:11:27+02:00\"},{\"@type\":\"WebSite\",\"@id\":\"https:\\\/\\\/www.pravysmalt.cz\\\/en\\\/#website\",\"url\":\"https:\\\/\\\/www.pravysmalt.cz\\\/en\\\/\",\"name\":\"Prav\\u00fd smalt \\u2013 smaltovan\\u00e9 plakety, chladi\\u010dov\\u00e9 a klubov\\u00e9 znaky\",\"description\":\"Smalt \\u2022 Smaltovan\\u00e9 v\\u00fdrobky taven\\u00e9 v peci p\\u0159i teplot\\u00e1ch kolem 800 \\u00b0C. Plakety \\u2022 chladi\\u010dov\\u00e9 znaky \\u2022 klubov\\u00e9 znaky \\u2022 odznaky \\u2022 plaques \\u2022 cooler badges \\u2022 club badges \\u2022 badges\",\"inLanguage\":\"en-GB\",\"publisher\":{\"@id\":\"https:\\\/\\\/www.pravysmalt.cz\\\/en\\\/#organization\"}}]}\n\t\t<\/script>\n\t\t<!-- All in One SEO -->\n\n","aioseo_head_json":{"title":"Brno\u2013Sob\u011b\u0161ice 2025 - Prav\u00fd smalt \u2013 smaltovan\u00e9 plakety, chladi\u010dov\u00e9 a klubov\u00e9 znaky","description":"Upom\u00ednkov\u00e1 plaketa Brno\u2013Sob\u011b\u0161ice 2025 K n\u00e1vrhu byl pou\u017eit motiv z plak\u00e1tu od Toma Havl\u00e1ska na rok 2025. Plaketa je z tombaku a \u0161perka\u0159sk\u00e9ho smaltu, rozm\u011br 52\u00d780 mm, cena 3500 K\u010d","canonical_url":"https:\/\/www.pravysmalt.cz\/en\/brno-sobesice-2025\/","robots":"max-image-preview:large","keywords":"","webmasterTools":{"google-site-verification":"lJ-HXsYqf-P7vOZotOtf8UtEmv8CwZ5kbUP40sCnRBc","miscellaneous":""},"schema":{"@context":"https:\/\/schema.org","@graph":[{"@type":"Article","@id":"https:\/\/www.pravysmalt.cz\/en\/brno-sobesice-2025\/#article","name":"Brno\u2013Sob\u011b\u0161ice 2025 - Prav\u00fd smalt \u2013 smaltovan\u00e9 plakety, chladi\u010dov\u00e9 a klubov\u00e9 znaky","headline":"Brno\u2013Sob\u011b\u0161ice 2025","author":{"@id":"https:\/\/www.pravysmalt.cz\/en\/author\/verca\/#author"},"publisher":{"@id":"https:\/\/www.pravysmalt.cz\/en\/#organization"},"image":{"@type":"ImageObject","url":"https:\/\/www.pravysmalt.cz\/wp-content\/uploads\/2025\/09\/IMG_5151.jpeg","width":1774,"height":2366},"datePublished":"2025-09-03T19:21:01+02:00","dateModified":"2025-09-03T20:11:27+02:00","inLanguage":"en-GB","mainEntityOfPage":{"@id":"https:\/\/www.pravysmalt.cz\/en\/brno-sobesice-2025\/#webpage"},"isPartOf":{"@id":"https:\/\/www.pravysmalt.cz\/en\/brno-sobesice-2025\/#webpage"},"articleSection":"Plakety"},{"@type":"BreadcrumbList","@id":"https:\/\/www.pravysmalt.cz\/en\/brno-sobesice-2025\/#breadcrumblist","itemListElement":[{"@type":"ListItem","@id":"https:\/\/www.pravysmalt.cz\/en#listItem","position":1,"name":"Dom\u016f","item":"https:\/\/www.pravysmalt.cz\/en","nextItem":{"@type":"ListItem","@id":"https:\/\/www.pravysmalt.cz\/en\/category\/plakety\/#listItem","name":"Plakety"}},{"@type":"ListItem","@id":"https:\/\/www.pravysmalt.cz\/en\/category\/plakety\/#listItem","position":2,"name":"Plakety","item":"https:\/\/www.pravysmalt.cz\/en\/category\/plakety\/","nextItem":{"@type":"ListItem","@id":"https:\/\/www.pravysmalt.cz\/en\/brno-sobesice-2025\/#listItem","name":"Brno\u2013Sob\u011b\u0161ice 2025"},"previousItem":{"@type":"ListItem","@id":"https:\/\/www.pravysmalt.cz\/en#listItem","name":"Dom\u016f"}},{"@type":"ListItem","@id":"https:\/\/www.pravysmalt.cz\/en\/brno-sobesice-2025\/#listItem","position":3,"name":"Brno\u2013Sob\u011b\u0161ice 2025","previousItem":{"@type":"ListItem","@id":"https:\/\/www.pravysmalt.cz\/en\/category\/plakety\/#listItem","name":"Plakety"}}]},{"@type":"Organization","@id":"https:\/\/www.pravysmalt.cz\/en\/#organization","name":"Prav\u00fd smalt","description":"Smalt \u2022 Smaltovan\u00e9 v\u00fdrobky taven\u00e9 v peci p\u0159i teplot\u00e1ch kolem 800 \u00b0C. Plakety \u2022 chladi\u010dov\u00e9 znaky \u2022 klubov\u00e9 znaky \u2022 odznaky \u2022 plaques \u2022 cooler badges \u2022 club badges \u2022 badges","url":"https:\/\/www.pravysmalt.cz\/en\/","logo":{"@type":"ImageObject","url":"https:\/\/pravysmalt.cz\/wp-content\/uploads\/2021\/09\/pravysmaltlogo.gif","@id":"https:\/\/www.pravysmalt.cz\/en\/brno-sobesice-2025\/#organizationLogo"},"image":{"@id":"https:\/\/www.pravysmalt.cz\/en\/brno-sobesice-2025\/#organizationLogo"},"sameAs":["https:\/\/www.facebook.com\/pravysmalt"]},{"@type":"Person","@id":"https:\/\/www.pravysmalt.cz\/en\/author\/verca\/#author","url":"https:\/\/www.pravysmalt.cz\/en\/author\/verca\/","name":"Veronika \u0160e\u010fov\u00e1"},{"@type":"WebPage","@id":"https:\/\/www.pravysmalt.cz\/en\/brno-sobesice-2025\/#webpage","url":"https:\/\/www.pravysmalt.cz\/en\/brno-sobesice-2025\/","name":"Brno\u2013Sob\u011b\u0161ice 2025 - Prav\u00fd smalt \u2013 smaltovan\u00e9 plakety, chladi\u010dov\u00e9 a klubov\u00e9 znaky","description":"Upom\u00ednkov\u00e1 plaketa Brno\u2013Sob\u011b\u0161ice 2025 K n\u00e1vrhu byl pou\u017eit motiv z plak\u00e1tu od Toma Havl\u00e1ska na rok 2025. Plaketa je z tombaku a \u0161perka\u0159sk\u00e9ho smaltu, rozm\u011br 52\u00d780 mm, cena 3500 K\u010d","inLanguage":"en-GB","isPartOf":{"@id":"https:\/\/www.pravysmalt.cz\/en\/#website"},"breadcrumb":{"@id":"https:\/\/www.pravysmalt.cz\/en\/brno-sobesice-2025\/#breadcrumblist"},"author":{"@id":"https:\/\/www.pravysmalt.cz\/en\/author\/verca\/#author"},"creator":{"@id":"https:\/\/www.pravysmalt.cz\/en\/author\/verca\/#author"},"image":{"@type":"ImageObject","url":"https:\/\/www.pravysmalt.cz\/wp-content\/uploads\/2025\/09\/IMG_5151.jpeg","@id":"https:\/\/www.pravysmalt.cz\/en\/brno-sobesice-2025\/#mainImage","width":1774,"height":2366},"primaryImageOfPage":{"@id":"https:\/\/www.pravysmalt.cz\/en\/brno-sobesice-2025\/#mainImage"},"datePublished":"2025-09-03T19:21:01+02:00","dateModified":"2025-09-03T20:11:27+02:00"},{"@type":"WebSite","@id":"https:\/\/www.pravysmalt.cz\/en\/#website","url":"https:\/\/www.pravysmalt.cz\/en\/","name":"Prav\u00fd smalt \u2013 smaltovan\u00e9 plakety, chladi\u010dov\u00e9 a klubov\u00e9 znaky","description":"Smalt \u2022 Smaltovan\u00e9 v\u00fdrobky taven\u00e9 v peci p\u0159i teplot\u00e1ch kolem 800 \u00b0C. Plakety \u2022 chladi\u010dov\u00e9 znaky \u2022 klubov\u00e9 znaky \u2022 odznaky \u2022 plaques \u2022 cooler badges \u2022 club badges \u2022 badges","inLanguage":"en-GB","publisher":{"@id":"https:\/\/www.pravysmalt.cz\/en\/#organization"}}]},"og:locale":"en_GB","og:site_name":"Prav\u00fd smalt \u2013 smaltovan\u00e9 plakety, chladi\u010dov\u00e9 a klubov\u00e9 znaky","og:type":"article","og:title":"Brno\u2013Sob\u011b\u0161ice 2025 - Prav\u00fd smalt \u2013 smaltovan\u00e9 plakety, chladi\u010dov\u00e9 a klubov\u00e9 znaky","og:description":"Upom\u00ednkov\u00e1 plaketa Brno\u2013Sob\u011b\u0161ice 2025 K n\u00e1vrhu byl pou\u017eit motiv z plak\u00e1tu od Toma Havl\u00e1ska na rok 2025. Plaketa je z tombaku a \u0161perka\u0159sk\u00e9ho smaltu, rozm\u011br 52\u00d780 mm, cena 3500 K\u010d","og:url":"https:\/\/www.pravysmalt.cz\/en\/brno-sobesice-2025\/","og:image":"https:\/\/www.pravysmalt.cz\/wp-content\/uploads\/2025\/09\/IMG_5151.jpeg","og:image:secure_url":"https:\/\/www.pravysmalt.cz\/wp-content\/uploads\/2025\/09\/IMG_5151.jpeg","og:image:width":1774,"og:image:height":2366,"article:published_time":"2025-09-03T17:21:01+00:00","article:modified_time":"2025-09-03T18:11:27+00:00","article:publisher":"https:\/\/www.facebook.com\/pravysmalt","twitter:card":"summary_large_image","twitter:title":"Brno\u2013Sob\u011b\u0161ice 2025 - Prav\u00fd smalt \u2013 smaltovan\u00e9 plakety, chladi\u010dov\u00e9 a klubov\u00e9 znaky","twitter:description":"Upom\u00ednkov\u00e1 plaketa Brno\u2013Sob\u011b\u0161ice 2025 K n\u00e1vrhu byl pou\u017eit motiv z plak\u00e1tu od Toma Havl\u00e1ska na rok 2025. Plaketa je z tombaku a \u0161perka\u0159sk\u00e9ho smaltu, rozm\u011br 52\u00d780 mm, cena 3500 K\u010d","twitter:image":"https:\/\/www.pravysmalt.cz\/wp-content\/uploads\/2025\/09\/IMG_5151.jpeg","twitter:label1":"Written by","twitter:data1":"Veronika \u0160e\u010fov\u00e1"},"aioseo_meta_data":{"post_id":"6118","title":null,"description":null,"keywords":null,"keyphrases":{"focus":[],"additional":[]},"primary_term":null,"canonical_url":null,"og_title":null,"og_description":null,"og_object_type":"default","og_image_type":"default","og_image_url":null,"og_image_width":null,"og_image_height":null,"og_image_custom_url":null,"og_image_custom_fields":null,"og_video":"","og_custom_url":null,"og_article_section":null,"og_article_tags":null,"twitter_use_og":false,"twitter_card":"default","twitter_image_type":"default","twitter_image_url":null,"twitter_image_custom_url":null,"twitter_image_custom_fields":null,"twitter_title":null,"twitter_description":null,"schema":{"blockGraphs":[],"customGraphs":[],"default":{"data":{"Article":[],"Course":[],"Dataset":[],"FAQPage":[],"Movie":[],"Person":[],"Product":[],"ProductReview":[],"Car":[],"Recipe":[],"Service":[],"SoftwareApplication":[],"WebPage":[]},"graphName":"Article","isEnabled":true},"graphs":[]},"schema_type":"default","schema_type_options":null,"pillar_content":false,"robots_default":true,"robots_noindex":false,"robots_noarchive":false,"robots_nosnippet":false,"robots_nofollow":false,"robots_noimageindex":false,"robots_noodp":false,"robots_notranslate":false,"robots_max_snippet":"-1","robots_max_videopreview":"-1","robots_max_imagepreview":"large","priority":null,"frequency":"default","local_seo":null,"breadcrumb_settings":null,"limit_modified_date":false,"ai":{"faqs":[],"keyPoints":[],"titles":[],"descriptions":[],"socialPosts":{"email":[],"linkedin":[],"twitter":[],"facebook":[],"instagram":[]}},"created":"2025-09-03 17:20:16","updated":"2026-08-31 09:59:57","focus_keyword":null,"additional_keywords":null,"truseo_locale":null,"seo_analyzer_scan_date":null},"aioseo_breadcrumb":"<div class=\"aioseo-breadcrumbs\"><span class=\"aioseo-breadcrumb\">\n\t\t\t<a href=\"https:\/\/www.pravysmalt.cz\/en\" title=\"Dom\u016f\">Dom\u016f<\/a>\n\t\t<\/span><span class=\"aioseo-breadcrumb-separator\">&raquo;<\/span><span class=\"aioseo-breadcrumb\">\n\t\t\t<a href=\"https:\/\/www.pravysmalt.cz\/en\/category\/plakety\/\" title=\"Plakety\">Plakety<\/a>\n\t\t<\/span><span class=\"aioseo-breadcrumb-separator\">&raquo;<\/span><span class=\"aioseo-breadcrumb\">\n\t\t\tBrno\u2013Sob\u011b\u0161ice 2025\n\t\t<\/span><\/div>","aioseo_breadcrumb_json":[{"label":"Dom\u016f","link":"https:\/\/www.pravysmalt.cz\/en"},{"label":"Plakety","link":"https:\/\/www.pravysmalt.cz\/en\/category\/plakety\/"},{"label":"Brno\u2013Sob\u011b\u0161ice 2025","link":"https:\/\/www.pravysmalt.cz\/en\/brno-sobesice-2025\/"}],"taxonomy_info":{"category":[{"value":108,"label":"Plakety"}]},"featured_image_src_large":["https:\/\/www.pravysmalt.cz\/wp-content\/uploads\/2025\/09\/IMG_5151-768x1024.jpeg",768,1024,true],"author_info":{"display_name":"Veronika \u0160e\u010fov\u00e1","author_link":"https:\/\/www.pravysmalt.cz\/en\/author\/verca\/"},"comment_info":0,"category_info":[{"term_id":108,"name":"Plakety","slug":"plakety","term_group":0,"term_taxonomy_id":108,"taxonomy":"category","description":"","parent":0,"count":8,"filter":"raw","cat_ID":108,"category_count":8,"category_description":"","cat_name":"Plakety","category_nicename":"plakety","category_parent":0}],"tag_info":false,"_links":{"self":[{"href":"https:\/\/www.pravysmalt.cz\/en\/wp-json\/wp\/v2\/posts\/6118","targetHints":{"allow":["GET"]}}],"collection":[{"href":"https:\/\/www.pravysmalt.cz\/en\/wp-json\/wp\/v2\/posts"}],"about":[{"href":"https:\/\/www.pravysmalt.cz\/en\/wp-json\/wp\/v2\/types\/post"}],"author":[{"embeddable":true,"href":"https:\/\/www.pravysmalt.cz\/en\/wp-json\/wp\/v2\/users\/2"}],"replies":[{"embeddable":true,"href":"https:\/\/www.pravysmalt.cz\/en\/wp-json\/wp\/v2\/comments?post=6118"}],"version-history":[{"count":5,"href":"https:\/\/www.pravysmalt.cz\/en\/wp-json\/wp\/v2\/posts\/6118\/revisions"}],"predecessor-version":[{"id":6137,"href":"https:\/\/www.pravysmalt.cz\/en\/wp-json\/wp\/v2\/posts\/6118\/revisions\/6137"}],"wp:featuredmedia":[{"embeddable":true,"href":"https:\/\/www.pravysmalt.cz\/en\/wp-json\/wp\/v2\/media\/6125"}],"wp:attachment":[{"href":"https:\/\/www.pravysmalt.cz\/en\/wp-json\/wp\/v2\/media?parent=6118"}],"wp:term":[{"taxonomy":"category","embeddable":true,"href":"https:\/\/www.pravysmalt.cz\/en\/wp-json\/wp\/v2\/categories?post=6118"},{"taxonomy":"post_tag","embeddable":true,"href":"https:\/\/www.pravysmalt.cz\/en\/wp-json\/wp\/v2\/tags?post=6118"}],"curies":[{"name":"wp","href":"https:\/\/api.w.org\/{rel}","templated":true}]}}